{"id":268828,"date":"2026-04-30T22:25:55","date_gmt":"2026-04-30T22:25:55","guid":{"rendered":"http:\/\/tarimhaber.com\/?p=268828"},"modified":"2026-04-30T22:25:55","modified_gmt":"2026-04-30T22:25:55","slug":"boluda-otomobil-ile-motosiklet-carpisti-1-yarali","status":"publish","type":"post","link":"https:\/\/tarimhaber.com\/?p=268828","title":{"rendered":"Bolu&apos;da otomobil ile motosiklet \u00e7arp\u0131\u015ft\u0131: 1 yaral\u0131"},"content":{"rendered":"<p>Bolu&#8217;da trafik \u0131\u015f\u0131klar\u0131nda otomobil ile motosikletin \u00e7arp\u0131\u015fmas\u0131 sonucu motosiklet s\u00fcr\u00fcc\u00fcs\u00fc yaraland\u0131.<\/p>\n<p>Kaynak: <a href=\"https:\/\/www.haberler.com\/3-sayfa\/bolu-da-otomobil-ile-motosiklet-carpisti-1-yarali-19794706-haberi\/\" target=\"_blank\" class=\"feedzy-rss-link-icon\">Read More<\/a><\/p>","protected":false},"excerpt":{"rendered":"<p>Bolu&#8217;da trafik \u0131\u015f\u0131klar\u0131nda otomobil ile motosikletin \u00e7arp\u0131\u015fmas\u0131 sonucu motosiklet s\u00fcr\u00fcc\u00fcs\u00fc yaraland\u0131. Kaynak: Read More<\/p>\n","protected":false},"author":0,"featured_media":268829,"comment_status":"open","ping_status":"open","sticky":false,"template":"","format":"standard","meta":{"footnotes":""},"categories":[4200],"tags":[],"class_list":["post-268828","post","type-post","status-publish","format-standard","has-post-thumbnail","hentry","category-guncel-haberler"],"_links":{"self":[{"href":"https:\/\/tarimhaber.com\/index.php?rest_route=\/wp\/v2\/posts\/268828","targetHints":{"allow":["GET"]}}],"collection":[{"href":"https:\/\/tarimhaber.com\/index.php?rest_route=\/wp\/v2\/posts"}],"about":[{"href":"https:\/\/tarimhaber.com\/index.php?rest_route=\/wp\/v2\/types\/post"}],"replies":[{"embeddable":true,"href":"https:\/\/tarimhaber.com\/index.php?rest_route=%2Fwp%2Fv2%2Fcomments&post=268828"}],"version-history":[{"count":0,"href":"https:\/\/tarimhaber.com\/index.php?rest_route=\/wp\/v2\/posts\/268828\/revisions"}],"wp:featuredmedia":[{"embeddable":true,"href":"https:\/\/tarimhaber.com\/index.php?rest_route=\/wp\/v2\/media\/268829"}],"wp:attachment":[{"href":"https:\/\/tarimhaber.com\/index.php?rest_route=%2Fwp%2Fv2%2Fmedia&parent=268828"}],"wp:term":[{"taxonomy":"category","embeddable":true,"href":"https:\/\/tarimhaber.com\/index.php?rest_route=%2Fwp%2Fv2%2Fcategories&post=268828"},{"taxonomy":"post_tag","embeddable":true,"href":"https:\/\/tarimhaber.com\/index.php?rest_route=%2Fwp%2Fv2%2Ftags&post=268828"}],"curies":[{"name":"wp","href":"https:\/\/api.w.org\/{rel}","templated":true}]}}