{"id":268830,"date":"2026-04-30T22:25:56","date_gmt":"2026-04-30T22:25:56","guid":{"rendered":"http:\/\/tarimhaber.com\/?p=268830"},"modified":"2026-04-30T22:25:56","modified_gmt":"2026-04-30T22:25:56","slug":"nigdede-devrilen-otomobildeki-1-kisi-yaralandi","status":"publish","type":"post","link":"https:\/\/tarimhaber.com\/?p=268830","title":{"rendered":"Ni\u011fde&apos;de devrilen otomobildeki 1 ki\u015fi yaraland\u0131"},"content":{"rendered":"<p>Ni\u011fde&#8217;de devrilen otomobildeki 1 ki\u015fi yaraland\u0131.<\/p>\n<p>Kaynak: <a href=\"https:\/\/www.haberler.com\/guncel\/nigde-de-devrilen-otomobildeki-1-kisi-yaralandi-19794705-haberi\/\" target=\"_blank\" class=\"feedzy-rss-link-icon\">Read More<\/a><\/p>","protected":false},"excerpt":{"rendered":"<p>Ni\u011fde&#8217;de devrilen otomobildeki 1 ki\u015fi yaraland\u0131. Kaynak: Read More<\/p>\n","protected":false},"author":0,"featured_media":268831,"comment_status":"open","ping_status":"open","sticky":false,"template":"","format":"standard","meta":{"footnotes":""},"categories":[4200],"tags":[],"class_list":["post-268830","post","type-post","status-publish","format-standard","has-post-thumbnail","hentry","category-guncel-haberler"],"_links":{"self":[{"href":"https:\/\/tarimhaber.com\/index.php?rest_route=\/wp\/v2\/posts\/268830","targetHints":{"allow":["GET"]}}],"collection":[{"href":"https:\/\/tarimhaber.com\/index.php?rest_route=\/wp\/v2\/posts"}],"about":[{"href":"https:\/\/tarimhaber.com\/index.php?rest_route=\/wp\/v2\/types\/post"}],"replies":[{"embeddable":true,"href":"https:\/\/tarimhaber.com\/index.php?rest_route=%2Fwp%2Fv2%2Fcomments&post=268830"}],"version-history":[{"count":0,"href":"https:\/\/tarimhaber.com\/index.php?rest_route=\/wp\/v2\/posts\/268830\/revisions"}],"wp:featuredmedia":[{"embeddable":true,"href":"https:\/\/tarimhaber.com\/index.php?rest_route=\/wp\/v2\/media\/268831"}],"wp:attachment":[{"href":"https:\/\/tarimhaber.com\/index.php?rest_route=%2Fwp%2Fv2%2Fmedia&parent=268830"}],"wp:term":[{"taxonomy":"category","embeddable":true,"href":"https:\/\/tarimhaber.com\/index.php?rest_route=%2Fwp%2Fv2%2Fcategories&post=268830"},{"taxonomy":"post_tag","embeddable":true,"href":"https:\/\/tarimhaber.com\/index.php?rest_route=%2Fwp%2Fv2%2Ftags&post=268830"}],"curies":[{"name":"wp","href":"https:\/\/api.w.org\/{rel}","templated":true}]}}