{"id":268832,"date":"2026-04-30T22:25:57","date_gmt":"2026-04-30T22:25:57","guid":{"rendered":"http:\/\/tarimhaber.com\/?p=268832"},"modified":"2026-04-30T22:25:57","modified_gmt":"2026-04-30T22:25:57","slug":"1-mayis-kopruler-kapali-mi-acik-mi","status":"publish","type":"post","link":"https:\/\/tarimhaber.com\/?p=268832","title":{"rendered":"1 May\u0131s k\u00f6pr\u00fcler kapal\u0131 m\u0131, a\u00e7\u0131k m\u0131?"},"content":{"rendered":"<p>1 May\u0131s Emek ve Dayan\u0131\u015fma G\u00fcn\u00fc nedeniyle \u0130stanbul\u2019da ula\u015f\u0131m a\u011f\u0131nda geni\u015f kapsaml\u0131 g\u00fcvenlik \u00f6nlemleri uygulan\u0131rken, ara\u00e7 sahipleri ve toplu ta\u015f\u0131ma kullan\u0131c\u0131lar\u0131 &#8220;1 May\u0131s&#8217;ta k\u00f6pr\u00fcler a\u00e7\u0131k m\u0131, Bo\u011faz ge\u00e7i\u015fleri yap\u0131labilecek mi?&#8221; sorusunun yan\u0131t\u0131na odakland\u0131. \u00d6zellikle Taksim Meydan\u0131&#8217;na \u00e7\u0131kan yollar\u0131n bariyerlerle kapat\u0131lmas\u0131 ve toplu ula\u015f\u0131mdaki k\u0131s\u0131tlamalar, Asya ve Avrupa yakas\u0131 aras\u0131ndaki ara\u00e7 trafi\u011fini do\u011frudan etkiliyor.<\/p>\n<p>Kaynak: <a href=\"https:\/\/www.haberler.com\/haber\/1-mayis-kopruler-kapali-mi-acik-mi-19794703-haberi\/\" target=\"_blank\" class=\"feedzy-rss-link-icon\">Read More<\/a><\/p>","protected":false},"excerpt":{"rendered":"<p>1 May\u0131s Emek ve Dayan\u0131\u015fma G\u00fcn\u00fc nedeniyle \u0130stanbul\u2019da ula\u015f\u0131m a\u011f\u0131nda geni\u015f kapsaml\u0131 g\u00fcvenlik \u00f6nlemleri uygulan\u0131rken, ara\u00e7 sahipleri ve toplu ta\u015f\u0131ma kullan\u0131c\u0131lar\u0131 &#8220;1 May\u0131s&#8217;ta k\u00f6pr\u00fcler a\u00e7\u0131k m\u0131, Bo\u011faz ge\u00e7i\u015fleri yap\u0131labilecek mi?&#8221;&hellip;<\/p>\n","protected":false},"author":0,"featured_media":268833,"comment_status":"open","ping_status":"open","sticky":false,"template":"","format":"standard","meta":{"footnotes":""},"categories":[4200],"tags":[],"class_list":["post-268832","post","type-post","status-publish","format-standard","has-post-thumbnail","hentry","category-guncel-haberler"],"_links":{"self":[{"href":"https:\/\/tarimhaber.com\/index.php?rest_route=\/wp\/v2\/posts\/268832","targetHints":{"allow":["GET"]}}],"collection":[{"href":"https:\/\/tarimhaber.com\/index.php?rest_route=\/wp\/v2\/posts"}],"about":[{"href":"https:\/\/tarimhaber.com\/index.php?rest_route=\/wp\/v2\/types\/post"}],"replies":[{"embeddable":true,"href":"https:\/\/tarimhaber.com\/index.php?rest_route=%2Fwp%2Fv2%2Fcomments&post=268832"}],"version-history":[{"count":0,"href":"https:\/\/tarimhaber.com\/index.php?rest_route=\/wp\/v2\/posts\/268832\/revisions"}],"wp:featuredmedia":[{"embeddable":true,"href":"https:\/\/tarimhaber.com\/index.php?rest_route=\/wp\/v2\/media\/268833"}],"wp:attachment":[{"href":"https:\/\/tarimhaber.com\/index.php?rest_route=%2Fwp%2Fv2%2Fmedia&parent=268832"}],"wp:term":[{"taxonomy":"category","embeddable":true,"href":"https:\/\/tarimhaber.com\/index.php?rest_route=%2Fwp%2Fv2%2Fcategories&post=268832"},{"taxonomy":"post_tag","embeddable":true,"href":"https:\/\/tarimhaber.com\/index.php?rest_route=%2Fwp%2Fv2%2Ftags&post=268832"}],"curies":[{"name":"wp","href":"https:\/\/api.w.org\/{rel}","templated":true}]}}