{"id":268836,"date":"2026-04-30T22:25:58","date_gmt":"2026-04-30T22:25:58","guid":{"rendered":"http:\/\/tarimhaber.com\/?p=268836"},"modified":"2026-04-30T22:25:58","modified_gmt":"2026-04-30T22:25:58","slug":"1-mayista-metro-calisiyor-mu-1-mayis-cuma-metrolar-acik-mi","status":"publish","type":"post","link":"https:\/\/tarimhaber.com\/?p=268836","title":{"rendered":"1 May\u0131s&apos;ta metro \u00e7al\u0131\u015f\u0131yor mu, 1 May\u0131s Cuma metrolar a\u00e7\u0131k m\u0131?"},"content":{"rendered":"<p>1 May\u0131s Emek ve Dayan\u0131\u015fma G\u00fcn\u00fc\u2019n\u00fcn resmi tatil takvimine denk gelmesiyle birlikte, \u0130stanbul ba\u015fta olmak \u00fczere b\u00fcy\u00fck\u015fehirlerde ula\u015f\u0131m plan\u0131 yapan vatanda\u015flar &#8220;1 May\u0131s&#8217;ta metro \u00e7al\u0131\u015f\u0131yor mu, seferler iptal mi?&#8221; sorusunun yan\u0131t\u0131n\u0131 ara\u015ft\u0131rmaya ba\u015flad\u0131. Milyonlarca ki\u015finin i\u015fe, kutlama alanlar\u0131na veya gezintiye gitmek i\u00e7in tercih etti\u011fi rayl\u0131 sistemlerin \u00e7al\u0131\u015fma saatleri ve hatlardaki son durum, ula\u015f\u0131m koordinasyon merkezleri taraf\u0131ndan a\u00e7\u0131kland\u0131.<\/p>\n<p>Kaynak: <a href=\"https:\/\/www.haberler.com\/haber\/1-mayista-metro-calisiyor-mu-1-mayis-cuma-19794699-haberi\/\" target=\"_blank\" class=\"feedzy-rss-link-icon\">Read More<\/a><\/p>","protected":false},"excerpt":{"rendered":"<p>1 May\u0131s Emek ve Dayan\u0131\u015fma G\u00fcn\u00fc\u2019n\u00fcn resmi tatil takvimine denk gelmesiyle birlikte, \u0130stanbul ba\u015fta olmak \u00fczere b\u00fcy\u00fck\u015fehirlerde ula\u015f\u0131m plan\u0131 yapan vatanda\u015flar &#8220;1 May\u0131s&#8217;ta metro \u00e7al\u0131\u015f\u0131yor mu, seferler iptal mi?&#8221; sorusunun&hellip;<\/p>\n","protected":false},"author":0,"featured_media":268837,"comment_status":"open","ping_status":"open","sticky":false,"template":"","format":"standard","meta":{"footnotes":""},"categories":[4200],"tags":[],"class_list":["post-268836","post","type-post","status-publish","format-standard","has-post-thumbnail","hentry","category-guncel-haberler"],"_links":{"self":[{"href":"https:\/\/tarimhaber.com\/index.php?rest_route=\/wp\/v2\/posts\/268836","targetHints":{"allow":["GET"]}}],"collection":[{"href":"https:\/\/tarimhaber.com\/index.php?rest_route=\/wp\/v2\/posts"}],"about":[{"href":"https:\/\/tarimhaber.com\/index.php?rest_route=\/wp\/v2\/types\/post"}],"replies":[{"embeddable":true,"href":"https:\/\/tarimhaber.com\/index.php?rest_route=%2Fwp%2Fv2%2Fcomments&post=268836"}],"version-history":[{"count":0,"href":"https:\/\/tarimhaber.com\/index.php?rest_route=\/wp\/v2\/posts\/268836\/revisions"}],"wp:featuredmedia":[{"embeddable":true,"href":"https:\/\/tarimhaber.com\/index.php?rest_route=\/wp\/v2\/media\/268837"}],"wp:attachment":[{"href":"https:\/\/tarimhaber.com\/index.php?rest_route=%2Fwp%2Fv2%2Fmedia&parent=268836"}],"wp:term":[{"taxonomy":"category","embeddable":true,"href":"https:\/\/tarimhaber.com\/index.php?rest_route=%2Fwp%2Fv2%2Fcategories&post=268836"},{"taxonomy":"post_tag","embeddable":true,"href":"https:\/\/tarimhaber.com\/index.php?rest_route=%2Fwp%2Fv2%2Ftags&post=268836"}],"curies":[{"name":"wp","href":"https:\/\/api.w.org\/{rel}","templated":true}]}}