{"id":268838,"date":"2026-04-30T22:25:59","date_gmt":"2026-04-30T22:25:59","guid":{"rendered":"http:\/\/tarimhaber.com\/?p=268838"},"modified":"2026-04-30T22:25:59","modified_gmt":"2026-04-30T22:25:59","slug":"izmir-gediz-elektrik-kesintisi-1-2-mayis-izmirde-elektrik-kesintisi-ne-zaman-bitecek-elektrikler-ne-zaman-gelecek","status":"publish","type":"post","link":"https:\/\/tarimhaber.com\/?p=268838","title":{"rendered":"\u0130zmir GED\u0130Z elektrik kesintisi! 1-2 May\u0131s \u0130zmir&apos;de elektrik kesintisi ne zaman bitecek, elektrikler ne zaman gelecek?"},"content":{"rendered":"<p>\u0130zmir elektrik kesintisi listesi! GED\u0130Z \u0130zmir&#8217;de elektrik ne zaman gelecek? 1 May\u0131s g\u00fcn\u00fc \u0130zmir&#8217;in bir\u00e7ok il\u00e7esinde elektrik kesintisi ya\u015fanacak ve kesinti belli saat aral\u0131klar\u0131nda ger\u00e7ekle\u015fecek. Peki, 1 May\u0131s g\u00fcn\u00fc \u0130zmir&#8217;in hangi il\u00e7elerinde elektrik kesintisi ya\u015fanacak? \u0130zmir&#8217;de Buca elektrik kesintisi, Karaba\u011flar elektrik kesintisi, Bornova elektrik kesintisi ara\u015ft\u0131rmalar\u0131 yap\u0131l\u0131yor. Peki, \u0130zmir elektrik kesintisi ka\u00e7 saat s\u00fcrecek? \u0130zmir elektrik kesintisi ve detaylar\u0131\u2026<\/p>\n<p>Kaynak: <a href=\"https:\/\/www.haberler.com\/haber\/izmir-gediz-elektrik-kesintisi-1-2-mayis-izmirde-19794698-haberi\/\" target=\"_blank\" class=\"feedzy-rss-link-icon\">Read More<\/a><\/p>","protected":false},"excerpt":{"rendered":"<p>\u0130zmir elektrik kesintisi listesi! GED\u0130Z \u0130zmir&#8217;de elektrik ne zaman gelecek? 1 May\u0131s g\u00fcn\u00fc \u0130zmir&#8217;in bir\u00e7ok il\u00e7esinde elektrik kesintisi ya\u015fanacak ve kesinti belli saat aral\u0131klar\u0131nda ger\u00e7ekle\u015fecek. Peki, 1 May\u0131s g\u00fcn\u00fc \u0130zmir&#8217;in&hellip;<\/p>\n","protected":false},"author":0,"featured_media":268839,"comment_status":"open","ping_status":"open","sticky":false,"template":"","format":"standard","meta":{"footnotes":""},"categories":[4200],"tags":[],"class_list":["post-268838","post","type-post","status-publish","format-standard","has-post-thumbnail","hentry","category-guncel-haberler"],"_links":{"self":[{"href":"https:\/\/tarimhaber.com\/index.php?rest_route=\/wp\/v2\/posts\/268838","targetHints":{"allow":["GET"]}}],"collection":[{"href":"https:\/\/tarimhaber.com\/index.php?rest_route=\/wp\/v2\/posts"}],"about":[{"href":"https:\/\/tarimhaber.com\/index.php?rest_route=\/wp\/v2\/types\/post"}],"replies":[{"embeddable":true,"href":"https:\/\/tarimhaber.com\/index.php?rest_route=%2Fwp%2Fv2%2Fcomments&post=268838"}],"version-history":[{"count":0,"href":"https:\/\/tarimhaber.com\/index.php?rest_route=\/wp\/v2\/posts\/268838\/revisions"}],"wp:featuredmedia":[{"embeddable":true,"href":"https:\/\/tarimhaber.com\/index.php?rest_route=\/wp\/v2\/media\/268839"}],"wp:attachment":[{"href":"https:\/\/tarimhaber.com\/index.php?rest_route=%2Fwp%2Fv2%2Fmedia&parent=268838"}],"wp:term":[{"taxonomy":"category","embeddable":true,"href":"https:\/\/tarimhaber.com\/index.php?rest_route=%2Fwp%2Fv2%2Fcategories&post=268838"},{"taxonomy":"post_tag","embeddable":true,"href":"https:\/\/tarimhaber.com\/index.php?rest_route=%2Fwp%2Fv2%2Ftags&post=268838"}],"curies":[{"name":"wp","href":"https:\/\/api.w.org\/{rel}","templated":true}]}}