{"id":268842,"date":"2026-04-30T22:26:01","date_gmt":"2026-04-30T22:26:01","guid":{"rendered":"http:\/\/tarimhaber.com\/?p=268842"},"modified":"2026-04-30T22:26:01","modified_gmt":"2026-04-30T22:26:01","slug":"ankarada-1-mayis-nerede-kutlanacak-istanbulda-1-mayis-nerede-kutlanacak-il-il-1-mayis-kutlama-noktalari","status":"publish","type":"post","link":"https:\/\/tarimhaber.com\/?p=268842","title":{"rendered":"Ankara&apos;da 1 May\u0131s nerede kutlanacak, \u0130stanbul&apos;da 1 May\u0131s nerede kutlanacak? \u0130l il 1 May\u0131s kutlama noktalar\u0131!"},"content":{"rendered":"<p>1 May\u0131s Emek ve Dayan\u0131\u015fma G\u00fcn\u00fc kapsam\u0131nda Ba\u015fkent Ankara&#8217;da d\u00fczenlenecek etkinliklere kat\u0131lmak isteyen binlerce vatanda\u015f, &#8220;Ankara&#8217;da 1 May\u0131s nerede kutlanacak, y\u00fcr\u00fcy\u00fc\u015f g\u00fczergah\u0131 neresi?&#8221; sorusuna yan\u0131t ar\u0131yor. Valilik ve sendikalardan gelen a\u00e7\u0131klamalar do\u011frultusunda, \u015fehirdeki farkl\u0131 konfederasyonlar\u0131n toplanma noktalar\u0131 ve miting alanlar\u0131 netle\u015fti.<\/p>\n<p>Kaynak: <a href=\"https:\/\/www.haberler.com\/haber\/ankarada-1-mayis-nerede-kutlanacak-istanbulda-1-19794696-haberi\/\" target=\"_blank\" class=\"feedzy-rss-link-icon\">Read More<\/a><\/p>","protected":false},"excerpt":{"rendered":"<p>1 May\u0131s Emek ve Dayan\u0131\u015fma G\u00fcn\u00fc kapsam\u0131nda Ba\u015fkent Ankara&#8217;da d\u00fczenlenecek etkinliklere kat\u0131lmak isteyen binlerce vatanda\u015f, &#8220;Ankara&#8217;da 1 May\u0131s nerede kutlanacak, y\u00fcr\u00fcy\u00fc\u015f g\u00fczergah\u0131 neresi?&#8221; sorusuna yan\u0131t ar\u0131yor. Valilik ve sendikalardan gelen&hellip;<\/p>\n","protected":false},"author":0,"featured_media":268843,"comment_status":"open","ping_status":"open","sticky":false,"template":"","format":"standard","meta":{"footnotes":""},"categories":[4200],"tags":[],"class_list":["post-268842","post","type-post","status-publish","format-standard","has-post-thumbnail","hentry","category-guncel-haberler"],"_links":{"self":[{"href":"https:\/\/tarimhaber.com\/index.php?rest_route=\/wp\/v2\/posts\/268842","targetHints":{"allow":["GET"]}}],"collection":[{"href":"https:\/\/tarimhaber.com\/index.php?rest_route=\/wp\/v2\/posts"}],"about":[{"href":"https:\/\/tarimhaber.com\/index.php?rest_route=\/wp\/v2\/types\/post"}],"replies":[{"embeddable":true,"href":"https:\/\/tarimhaber.com\/index.php?rest_route=%2Fwp%2Fv2%2Fcomments&post=268842"}],"version-history":[{"count":0,"href":"https:\/\/tarimhaber.com\/index.php?rest_route=\/wp\/v2\/posts\/268842\/revisions"}],"wp:featuredmedia":[{"embeddable":true,"href":"https:\/\/tarimhaber.com\/index.php?rest_route=\/wp\/v2\/media\/268843"}],"wp:attachment":[{"href":"https:\/\/tarimhaber.com\/index.php?rest_route=%2Fwp%2Fv2%2Fmedia&parent=268842"}],"wp:term":[{"taxonomy":"category","embeddable":true,"href":"https:\/\/tarimhaber.com\/index.php?rest_route=%2Fwp%2Fv2%2Fcategories&post=268842"},{"taxonomy":"post_tag","embeddable":true,"href":"https:\/\/tarimhaber.com\/index.php?rest_route=%2Fwp%2Fv2%2Ftags&post=268842"}],"curies":[{"name":"wp","href":"https:\/\/api.w.org\/{rel}","templated":true}]}}