{"id":268856,"date":"2026-04-30T23:26:00","date_gmt":"2026-04-30T23:26:00","guid":{"rendered":"http:\/\/tarimhaber.com\/?p=268856"},"modified":"2026-04-30T23:26:00","modified_gmt":"2026-04-30T23:26:00","slug":"adanada-komsular-arasinda-cikan-silahli-kavgada-5-kisi-yaralandi","status":"publish","type":"post","link":"https:\/\/tarimhaber.com\/?p=268856","title":{"rendered":"Adana&apos;da kom\u015fular aras\u0131nda \u00e7\u0131kan silahl\u0131 kavgada 5 ki\u015fi yaraland\u0131"},"content":{"rendered":"<p>Adana&#8217;n\u0131n Y\u00fcre\u011fir il\u00e7esinde kom\u015fular aras\u0131nda \u00e7\u0131kan silahl\u0131 kavgada 5 ki\u015fi yaraland\u0131.<\/p>\n<p>Kaynak: <a href=\"https:\/\/www.haberler.com\/guncel\/adana-da-komsular-arasinda-cikan-silahli-kavgada-5-19794719-haberi\/\" target=\"_blank\" class=\"feedzy-rss-link-icon\">Read More<\/a><\/p>","protected":false},"excerpt":{"rendered":"<p>Adana&#8217;n\u0131n Y\u00fcre\u011fir il\u00e7esinde kom\u015fular aras\u0131nda \u00e7\u0131kan silahl\u0131 kavgada 5 ki\u015fi yaraland\u0131. Kaynak: Read More<\/p>\n","protected":false},"author":0,"featured_media":0,"comment_status":"open","ping_status":"open","sticky":false,"template":"","format":"standard","meta":{"footnotes":""},"categories":[4200],"tags":[],"class_list":["post-268856","post","type-post","status-publish","format-standard","hentry","category-guncel-haberler"],"_links":{"self":[{"href":"https:\/\/tarimhaber.com\/index.php?rest_route=\/wp\/v2\/posts\/268856","targetHints":{"allow":["GET"]}}],"collection":[{"href":"https:\/\/tarimhaber.com\/index.php?rest_route=\/wp\/v2\/posts"}],"about":[{"href":"https:\/\/tarimhaber.com\/index.php?rest_route=\/wp\/v2\/types\/post"}],"replies":[{"embeddable":true,"href":"https:\/\/tarimhaber.com\/index.php?rest_route=%2Fwp%2Fv2%2Fcomments&post=268856"}],"version-history":[{"count":0,"href":"https:\/\/tarimhaber.com\/index.php?rest_route=\/wp\/v2\/posts\/268856\/revisions"}],"wp:attachment":[{"href":"https:\/\/tarimhaber.com\/index.php?rest_route=%2Fwp%2Fv2%2Fmedia&parent=268856"}],"wp:term":[{"taxonomy":"category","embeddable":true,"href":"https:\/\/tarimhaber.com\/index.php?rest_route=%2Fwp%2Fv2%2Fcategories&post=268856"},{"taxonomy":"post_tag","embeddable":true,"href":"https:\/\/tarimhaber.com\/index.php?rest_route=%2Fwp%2Fv2%2Ftags&post=268856"}],"curies":[{"name":"wp","href":"https:\/\/api.w.org\/{rel}","templated":true}]}}