{"id":268895,"date":"2026-05-01T03:25:43","date_gmt":"2026-05-01T03:25:43","guid":{"rendered":"http:\/\/tarimhaber.com\/?p=268895"},"modified":"2026-05-01T03:25:43","modified_gmt":"2026-05-01T03:25:43","slug":"istanbul-valiligi-1-mayis-tedbirlerini-acikladi-iste-ilce-ilce-alinan-kararlar","status":"publish","type":"post","link":"https:\/\/tarimhaber.com\/?p=268895","title":{"rendered":"\u0130stanbul Valili\u011fi, 1 May\u0131s tedbirlerini a\u00e7\u0131klad\u0131! \u0130\u015fte il\u00e7e il\u00e7e al\u0131nan kararlar"},"content":{"rendered":"<p>\u0130stanbul\u2019da 1 May\u0131s kapsam\u0131nda geni\u015f g\u00fcvenlik \u00f6nlemleri al\u0131nd\u0131. Taksim ba\u015fta olmak \u00fczere bir\u00e7ok noktada yollar kapat\u0131ld\u0131, otoparklar bo\u015falt\u0131ld\u0131 ve ara\u00e7 park\u0131na izin verilmedi. Metro, tramvay ve deniz ula\u015f\u0131m\u0131nda \u00f6nemli k\u0131s\u0131tlamalar uygulan\u0131rken baz\u0131 hatlar tamamen durduruldu. Kad\u0131k\u00f6y ve Kartal\u2019da kutlamalara izin verildi. Polis ekipleri, vatanda\u015flar\u0131 alternatif g\u00fczergahlara y\u00f6nlendirdi.<\/p>\n<p>Kaynak: <a href=\"https:\/\/www.haberler.com\/haberler\/istanbul-valiligi-1-mayis-tedbirlerini-acikladi-19794739-haberi\/\" target=\"_blank\" class=\"feedzy-rss-link-icon\">Read More<\/a><\/p>","protected":false},"excerpt":{"rendered":"<p>\u0130stanbul\u2019da 1 May\u0131s kapsam\u0131nda geni\u015f g\u00fcvenlik \u00f6nlemleri al\u0131nd\u0131. Taksim ba\u015fta olmak \u00fczere bir\u00e7ok noktada yollar kapat\u0131ld\u0131, otoparklar bo\u015falt\u0131ld\u0131 ve ara\u00e7 park\u0131na izin verilmedi. Metro, tramvay ve deniz ula\u015f\u0131m\u0131nda \u00f6nemli k\u0131s\u0131tlamalar&hellip;<\/p>\n","protected":false},"author":0,"featured_media":268896,"comment_status":"open","ping_status":"open","sticky":false,"template":"","format":"standard","meta":{"footnotes":""},"categories":[4200],"tags":[],"class_list":["post-268895","post","type-post","status-publish","format-standard","has-post-thumbnail","hentry","category-guncel-haberler"],"_links":{"self":[{"href":"https:\/\/tarimhaber.com\/index.php?rest_route=\/wp\/v2\/posts\/268895","targetHints":{"allow":["GET"]}}],"collection":[{"href":"https:\/\/tarimhaber.com\/index.php?rest_route=\/wp\/v2\/posts"}],"about":[{"href":"https:\/\/tarimhaber.com\/index.php?rest_route=\/wp\/v2\/types\/post"}],"replies":[{"embeddable":true,"href":"https:\/\/tarimhaber.com\/index.php?rest_route=%2Fwp%2Fv2%2Fcomments&post=268895"}],"version-history":[{"count":0,"href":"https:\/\/tarimhaber.com\/index.php?rest_route=\/wp\/v2\/posts\/268895\/revisions"}],"wp:featuredmedia":[{"embeddable":true,"href":"https:\/\/tarimhaber.com\/index.php?rest_route=\/wp\/v2\/media\/268896"}],"wp:attachment":[{"href":"https:\/\/tarimhaber.com\/index.php?rest_route=%2Fwp%2Fv2%2Fmedia&parent=268895"}],"wp:term":[{"taxonomy":"category","embeddable":true,"href":"https:\/\/tarimhaber.com\/index.php?rest_route=%2Fwp%2Fv2%2Fcategories&post=268895"},{"taxonomy":"post_tag","embeddable":true,"href":"https:\/\/tarimhaber.com\/index.php?rest_route=%2Fwp%2Fv2%2Ftags&post=268895"}],"curies":[{"name":"wp","href":"https:\/\/api.w.org\/{rel}","templated":true}]}}