{"id":268909,"date":"2026-05-01T04:26:02","date_gmt":"2026-05-01T04:26:02","guid":{"rendered":"https:\/\/tarimhaber.com\/?p=268909"},"modified":"2026-05-01T04:26:02","modified_gmt":"2026-05-01T04:26:02","slug":"infantinodan-skandal-hareket-filistin-futbol-federasyonu-baskani-sahneyi-terk-etti","status":"publish","type":"post","link":"https:\/\/tarimhaber.com\/?p=268909","title":{"rendered":"Infantino&apos;dan skandal hareket! Filistin Futbol Federasyonu Ba\u015fkan\u0131 sahneyi terk etti"},"content":{"rendered":"<p>FIFA Ba\u015fkan\u0131 Gianni Infantino\u2019nun, \u0130srail ve Filistin futbol temsilcilerini \u201cbar\u0131\u015f\u201d mesaj\u0131 i\u00e7in sahnede tokala\u015ft\u0131rma giri\u015fimi krize d\u00f6n\u00fc\u015ft\u00fc. Filistin Futbol Federasyonu Ba\u015fkan\u0131 Jibril Rajoub, bu talebi a\u00e7\u0131k \u015fekilde reddederek sahneyi terk etti. Olay salonda gerginli\u011fe yol a\u00e7arken, uluslararas\u0131 bas\u0131nda geni\u015f yank\u0131 buldu. Infantino\u2019nun uzun s\u00fcredir tart\u0131\u015f\u0131lan tutumu bu olayla birlikte yeniden ele\u015ftirilerin oda\u011f\u0131na yerle\u015fti.<\/p>\n<p>Kaynak: <a href=\"https:\/\/www.haberler.com\/haberler\/fifa-baskani-infantinodan-skandal-harekt-filistin-19794750-haberi\/\" target=\"_blank\" class=\"feedzy-rss-link-icon\">Read More<\/a><\/p>","protected":false},"excerpt":{"rendered":"<p>FIFA Ba\u015fkan\u0131 Gianni Infantino\u2019nun, \u0130srail ve Filistin futbol temsilcilerini \u201cbar\u0131\u015f\u201d mesaj\u0131 i\u00e7in sahnede tokala\u015ft\u0131rma giri\u015fimi krize d\u00f6n\u00fc\u015ft\u00fc. Filistin Futbol Federasyonu Ba\u015fkan\u0131 Jibril Rajoub, bu talebi a\u00e7\u0131k \u015fekilde reddederek sahneyi terk&hellip;<\/p>\n","protected":false},"author":0,"featured_media":268910,"comment_status":"open","ping_status":"open","sticky":false,"template":"","format":"standard","meta":{"footnotes":""},"categories":[4200],"tags":[],"class_list":["post-268909","post","type-post","status-publish","format-standard","has-post-thumbnail","hentry","category-guncel-haberler"],"_links":{"self":[{"href":"https:\/\/tarimhaber.com\/index.php?rest_route=\/wp\/v2\/posts\/268909","targetHints":{"allow":["GET"]}}],"collection":[{"href":"https:\/\/tarimhaber.com\/index.php?rest_route=\/wp\/v2\/posts"}],"about":[{"href":"https:\/\/tarimhaber.com\/index.php?rest_route=\/wp\/v2\/types\/post"}],"replies":[{"embeddable":true,"href":"https:\/\/tarimhaber.com\/index.php?rest_route=%2Fwp%2Fv2%2Fcomments&post=268909"}],"version-history":[{"count":0,"href":"https:\/\/tarimhaber.com\/index.php?rest_route=\/wp\/v2\/posts\/268909\/revisions"}],"wp:featuredmedia":[{"embeddable":true,"href":"https:\/\/tarimhaber.com\/index.php?rest_route=\/wp\/v2\/media\/268910"}],"wp:attachment":[{"href":"https:\/\/tarimhaber.com\/index.php?rest_route=%2Fwp%2Fv2%2Fmedia&parent=268909"}],"wp:term":[{"taxonomy":"category","embeddable":true,"href":"https:\/\/tarimhaber.com\/index.php?rest_route=%2Fwp%2Fv2%2Fcategories&post=268909"},{"taxonomy":"post_tag","embeddable":true,"href":"https:\/\/tarimhaber.com\/index.php?rest_route=%2Fwp%2Fv2%2Ftags&post=268909"}],"curies":[{"name":"wp","href":"https:\/\/api.w.org\/{rel}","templated":true}]}}