{"id":268923,"date":"2026-05-01T05:25:32","date_gmt":"2026-05-01T05:25:32","guid":{"rendered":"https:\/\/tarimhaber.com\/?p=268923"},"modified":"2026-05-01T05:25:32","modified_gmt":"2026-05-01T05:25:32","slug":"1-mayis-kutuphaneler-acik-mi-1-mayista-kutuphaneler-kapali-mi","status":"publish","type":"post","link":"https:\/\/tarimhaber.com\/?p=268923","title":{"rendered":"1 May\u0131s k\u00fct\u00fcphaneler a\u00e7\u0131k m\u0131, 1 May\u0131s&apos;ta k\u00fct\u00fcphaneler kapal\u0131 m\u0131?"},"content":{"rendered":"<p>1 May\u0131s Emek ve Dayan\u0131\u015fma G\u00fcn\u00fc nedeniyle s\u0131navlar\u0131na haz\u0131rlanan \u00f6\u011frenciler ve kitap kurdu vatanda\u015flar, &#8220;1 May\u0131s&#8217;ta k\u00fct\u00fcphaneler a\u00e7\u0131k m\u0131, milli k\u00fct\u00fcphane ve halk k\u00fct\u00fcphaneleri \u00e7al\u0131\u015f\u0131yor mu?&#8221; sorusunun yan\u0131t\u0131n\u0131 merak ediyor. 2026 y\u0131l\u0131nda Cuma g\u00fcn\u00fcne denk gelen bu resmi tatilde, K\u00fclt\u00fcr ve Turizm Bakanl\u0131\u011f\u0131&#8217;na ba\u011fl\u0131 k\u00fct\u00fcphaneler ile belediye k\u00fct\u00fcphanelerinin \u00e7al\u0131\u015fma saatleri her y\u0131l oldu\u011fu gibi bu y\u0131l da farkl\u0131l\u0131k g\u00f6steriyor.<\/p>\n<p>Kaynak: <a href=\"https:\/\/www.haberler.com\/haber\/1-mayis-kutuphaneler-acik-mi-1-mayista-19794777-haberi\/\" target=\"_blank\" class=\"feedzy-rss-link-icon\">Read More<\/a><\/p>","protected":false},"excerpt":{"rendered":"<p>1 May\u0131s Emek ve Dayan\u0131\u015fma G\u00fcn\u00fc nedeniyle s\u0131navlar\u0131na haz\u0131rlanan \u00f6\u011frenciler ve kitap kurdu vatanda\u015flar, &#8220;1 May\u0131s&#8217;ta k\u00fct\u00fcphaneler a\u00e7\u0131k m\u0131, milli k\u00fct\u00fcphane ve halk k\u00fct\u00fcphaneleri \u00e7al\u0131\u015f\u0131yor mu?&#8221; sorusunun yan\u0131t\u0131n\u0131 merak ediyor.&hellip;<\/p>\n","protected":false},"author":0,"featured_media":268924,"comment_status":"open","ping_status":"open","sticky":false,"template":"","format":"standard","meta":{"footnotes":""},"categories":[4200],"tags":[],"class_list":["post-268923","post","type-post","status-publish","format-standard","has-post-thumbnail","hentry","category-guncel-haberler"],"_links":{"self":[{"href":"https:\/\/tarimhaber.com\/index.php?rest_route=\/wp\/v2\/posts\/268923","targetHints":{"allow":["GET"]}}],"collection":[{"href":"https:\/\/tarimhaber.com\/index.php?rest_route=\/wp\/v2\/posts"}],"about":[{"href":"https:\/\/tarimhaber.com\/index.php?rest_route=\/wp\/v2\/types\/post"}],"replies":[{"embeddable":true,"href":"https:\/\/tarimhaber.com\/index.php?rest_route=%2Fwp%2Fv2%2Fcomments&post=268923"}],"version-history":[{"count":0,"href":"https:\/\/tarimhaber.com\/index.php?rest_route=\/wp\/v2\/posts\/268923\/revisions"}],"wp:featuredmedia":[{"embeddable":true,"href":"https:\/\/tarimhaber.com\/index.php?rest_route=\/wp\/v2\/media\/268924"}],"wp:attachment":[{"href":"https:\/\/tarimhaber.com\/index.php?rest_route=%2Fwp%2Fv2%2Fmedia&parent=268923"}],"wp:term":[{"taxonomy":"category","embeddable":true,"href":"https:\/\/tarimhaber.com\/index.php?rest_route=%2Fwp%2Fv2%2Fcategories&post=268923"},{"taxonomy":"post_tag","embeddable":true,"href":"https:\/\/tarimhaber.com\/index.php?rest_route=%2Fwp%2Fv2%2Ftags&post=268923"}],"curies":[{"name":"wp","href":"https:\/\/api.w.org\/{rel}","templated":true}]}}