{"id":268927,"date":"2026-05-01T05:25:34","date_gmt":"2026-05-01T05:25:34","guid":{"rendered":"https:\/\/tarimhaber.com\/?p=268927"},"modified":"2026-05-01T05:25:34","modified_gmt":"2026-05-01T05:25:34","slug":"1-mayis-saglik-ocagi-acik-mi-1-mayis-aile-hekimleri-calisiyor-mu","status":"publish","type":"post","link":"https:\/\/tarimhaber.com\/?p=268927","title":{"rendered":"1 May\u0131s sa\u011fl\u0131k oca\u011f\u0131 a\u00e7\u0131k m\u0131, 1 May\u0131s aile hekimleri \u00e7al\u0131\u015f\u0131yor mu?"},"content":{"rendered":"<p>1 May\u0131s Emek ve Dayan\u0131\u015fma G\u00fcn\u00fc\u2019n\u00fcn resmi tatil takviminde yer almas\u0131yla birlikte, sa\u011fl\u0131k hizmetlerinden yararlanmak isteyen vatanda\u015flar &#8220;1 May\u0131s\u2019ta sa\u011fl\u0131k ocaklar\u0131 a\u00e7\u0131k m\u0131, aile hekimi muayenesi yap\u0131labilecek mi?&#8221; sorusunun yan\u0131t\u0131n\u0131 ara\u015ft\u0131rmaya ba\u015flad\u0131. 2026 y\u0131l\u0131nda Cuma g\u00fcn\u00fcne denk gelen bu \u00f6zel g\u00fcnde, birinci basamak sa\u011fl\u0131k kurulu\u015fu olan Aile Sa\u011fl\u0131\u011f\u0131 Merkezlerinin mesai d\u00fczeni, resmi tatil protokol\u00fcne g\u00f6re \u015fekilleniyor.<\/p>\n<p>Kaynak: <a href=\"https:\/\/www.haberler.com\/haber\/1-mayis-saglik-ocagi-acik-mi-1-mayis-aile-19794771-haberi\/\" target=\"_blank\" class=\"feedzy-rss-link-icon\">Read More<\/a><\/p>","protected":false},"excerpt":{"rendered":"<p>1 May\u0131s Emek ve Dayan\u0131\u015fma G\u00fcn\u00fc\u2019n\u00fcn resmi tatil takviminde yer almas\u0131yla birlikte, sa\u011fl\u0131k hizmetlerinden yararlanmak isteyen vatanda\u015flar &#8220;1 May\u0131s\u2019ta sa\u011fl\u0131k ocaklar\u0131 a\u00e7\u0131k m\u0131, aile hekimi muayenesi yap\u0131labilecek mi?&#8221; sorusunun yan\u0131t\u0131n\u0131&hellip;<\/p>\n","protected":false},"author":0,"featured_media":268928,"comment_status":"open","ping_status":"open","sticky":false,"template":"","format":"standard","meta":{"footnotes":""},"categories":[4200],"tags":[],"class_list":["post-268927","post","type-post","status-publish","format-standard","has-post-thumbnail","hentry","category-guncel-haberler"],"_links":{"self":[{"href":"https:\/\/tarimhaber.com\/index.php?rest_route=\/wp\/v2\/posts\/268927","targetHints":{"allow":["GET"]}}],"collection":[{"href":"https:\/\/tarimhaber.com\/index.php?rest_route=\/wp\/v2\/posts"}],"about":[{"href":"https:\/\/tarimhaber.com\/index.php?rest_route=\/wp\/v2\/types\/post"}],"replies":[{"embeddable":true,"href":"https:\/\/tarimhaber.com\/index.php?rest_route=%2Fwp%2Fv2%2Fcomments&post=268927"}],"version-history":[{"count":0,"href":"https:\/\/tarimhaber.com\/index.php?rest_route=\/wp\/v2\/posts\/268927\/revisions"}],"wp:featuredmedia":[{"embeddable":true,"href":"https:\/\/tarimhaber.com\/index.php?rest_route=\/wp\/v2\/media\/268928"}],"wp:attachment":[{"href":"https:\/\/tarimhaber.com\/index.php?rest_route=%2Fwp%2Fv2%2Fmedia&parent=268927"}],"wp:term":[{"taxonomy":"category","embeddable":true,"href":"https:\/\/tarimhaber.com\/index.php?rest_route=%2Fwp%2Fv2%2Fcategories&post=268927"},{"taxonomy":"post_tag","embeddable":true,"href":"https:\/\/tarimhaber.com\/index.php?rest_route=%2Fwp%2Fv2%2Ftags&post=268927"}],"curies":[{"name":"wp","href":"https:\/\/api.w.org\/{rel}","templated":true}]}}