{"id":268929,"date":"2026-05-01T05:25:35","date_gmt":"2026-05-01T05:25:35","guid":{"rendered":"https:\/\/tarimhaber.com\/?p=268929"},"modified":"2026-05-01T05:25:35","modified_gmt":"2026-05-01T05:25:35","slug":"bakan-isikhan-32-milyondan-fazla-vatandasimiz-istihdama-katiliyor","status":"publish","type":"post","link":"https:\/\/tarimhaber.com\/?p=268929","title":{"rendered":"Bakan I\u015f\u0131khan: 32 milyondan fazla vatanda\u015f\u0131m\u0131z istihdama kat\u0131l\u0131yor"},"content":{"rendered":"<p>\u00c7ALI\u015eMA ve Sosyal G\u00fcvenlik Bakan\u0131 Vedat I\u015f\u0131khan, &#8220;T\u00fcrkiye&#8217;nin i\u015f g\u00fcc\u00fc ve istihdam ekosistemini de\u011ferlendirdi\u011fimizde bize \u00e7ok \u00f6nemli sorumluluklar da d\u00fc\u015f\u00fcyor.<\/p>\n<p>Kaynak: <a href=\"https:\/\/www.haberler.com\/guncel\/bakan-isikhan-32-milyondan-fazla-vatandasimiz-19794770-haberi\/\" target=\"_blank\" class=\"feedzy-rss-link-icon\">Read More<\/a><\/p>","protected":false},"excerpt":{"rendered":"<p>\u00c7ALI\u015eMA ve Sosyal G\u00fcvenlik Bakan\u0131 Vedat I\u015f\u0131khan, &#8220;T\u00fcrkiye&#8217;nin i\u015f g\u00fcc\u00fc ve istihdam ekosistemini de\u011ferlendirdi\u011fimizde bize \u00e7ok \u00f6nemli sorumluluklar da d\u00fc\u015f\u00fcyor. Kaynak: Read More<\/p>\n","protected":false},"author":0,"featured_media":268930,"comment_status":"open","ping_status":"open","sticky":false,"template":"","format":"standard","meta":{"footnotes":""},"categories":[4200],"tags":[],"class_list":["post-268929","post","type-post","status-publish","format-standard","has-post-thumbnail","hentry","category-guncel-haberler"],"_links":{"self":[{"href":"https:\/\/tarimhaber.com\/index.php?rest_route=\/wp\/v2\/posts\/268929","targetHints":{"allow":["GET"]}}],"collection":[{"href":"https:\/\/tarimhaber.com\/index.php?rest_route=\/wp\/v2\/posts"}],"about":[{"href":"https:\/\/tarimhaber.com\/index.php?rest_route=\/wp\/v2\/types\/post"}],"replies":[{"embeddable":true,"href":"https:\/\/tarimhaber.com\/index.php?rest_route=%2Fwp%2Fv2%2Fcomments&post=268929"}],"version-history":[{"count":0,"href":"https:\/\/tarimhaber.com\/index.php?rest_route=\/wp\/v2\/posts\/268929\/revisions"}],"wp:featuredmedia":[{"embeddable":true,"href":"https:\/\/tarimhaber.com\/index.php?rest_route=\/wp\/v2\/media\/268930"}],"wp:attachment":[{"href":"https:\/\/tarimhaber.com\/index.php?rest_route=%2Fwp%2Fv2%2Fmedia&parent=268929"}],"wp:term":[{"taxonomy":"category","embeddable":true,"href":"https:\/\/tarimhaber.com\/index.php?rest_route=%2Fwp%2Fv2%2Fcategories&post=268929"},{"taxonomy":"post_tag","embeddable":true,"href":"https:\/\/tarimhaber.com\/index.php?rest_route=%2Fwp%2Fv2%2Ftags&post=268929"}],"curies":[{"name":"wp","href":"https:\/\/api.w.org\/{rel}","templated":true}]}}