{"id":268931,"date":"2026-05-01T05:25:35","date_gmt":"2026-05-01T05:25:35","guid":{"rendered":"https:\/\/tarimhaber.com\/?p=268931"},"modified":"2026-05-01T05:25:35","modified_gmt":"2026-05-01T05:25:35","slug":"1-mayis-noterler-acik-mi-1-mayis-cuma-noterler-calisiyor-mu","status":"publish","type":"post","link":"https:\/\/tarimhaber.com\/?p=268931","title":{"rendered":"1 May\u0131s noterler a\u00e7\u0131k m\u0131, 1 May\u0131s Cuma noterler \u00e7al\u0131\u015f\u0131yor mu?"},"content":{"rendered":"<p>1 May\u0131s Emek ve Dayan\u0131\u015fma G\u00fcn\u00fc\u2019n\u00fcn resmi tatil takvimine denk gelmesiyle birlikte, acil ara\u00e7 sat\u0131\u015f\u0131, vekaletname veya tasdik i\u015flemleri olan vatanda\u015flar &#8220;1 May\u0131s\u2019ta noterler a\u00e7\u0131k m\u0131, i\u015flemler devam edecek mi?&#8221; sorusunun yan\u0131t\u0131n\u0131 merak etmeye ba\u015flad\u0131. 2026 y\u0131l\u0131nda Cuma g\u00fcn\u00fcne denk gelen bu \u00f6zel g\u00fcnde, noterlik makamlar\u0131n\u0131n \u00e7al\u0131\u015fma d\u00fczeni T\u00fcrkiye Noterler Birli\u011fi (TNB) taraf\u0131ndan belirlenen resmi tatil protokol\u00fcne g\u00f6re \u015fekilleniyor. .<\/p>\n<p>Kaynak: <a href=\"https:\/\/www.haberler.com\/haber\/1-mayis-noterler-acik-mi-1-mayis-cuma-noterler-19794769-haberi\/\" target=\"_blank\" class=\"feedzy-rss-link-icon\">Read More<\/a><\/p>","protected":false},"excerpt":{"rendered":"<p>1 May\u0131s Emek ve Dayan\u0131\u015fma G\u00fcn\u00fc\u2019n\u00fcn resmi tatil takvimine denk gelmesiyle birlikte, acil ara\u00e7 sat\u0131\u015f\u0131, vekaletname veya tasdik i\u015flemleri olan vatanda\u015flar &#8220;1 May\u0131s\u2019ta noterler a\u00e7\u0131k m\u0131, i\u015flemler devam edecek mi?&#8221;&hellip;<\/p>\n","protected":false},"author":0,"featured_media":268932,"comment_status":"open","ping_status":"open","sticky":false,"template":"","format":"standard","meta":{"footnotes":""},"categories":[4200],"tags":[],"class_list":["post-268931","post","type-post","status-publish","format-standard","has-post-thumbnail","hentry","category-guncel-haberler"],"_links":{"self":[{"href":"https:\/\/tarimhaber.com\/index.php?rest_route=\/wp\/v2\/posts\/268931","targetHints":{"allow":["GET"]}}],"collection":[{"href":"https:\/\/tarimhaber.com\/index.php?rest_route=\/wp\/v2\/posts"}],"about":[{"href":"https:\/\/tarimhaber.com\/index.php?rest_route=\/wp\/v2\/types\/post"}],"replies":[{"embeddable":true,"href":"https:\/\/tarimhaber.com\/index.php?rest_route=%2Fwp%2Fv2%2Fcomments&post=268931"}],"version-history":[{"count":0,"href":"https:\/\/tarimhaber.com\/index.php?rest_route=\/wp\/v2\/posts\/268931\/revisions"}],"wp:featuredmedia":[{"embeddable":true,"href":"https:\/\/tarimhaber.com\/index.php?rest_route=\/wp\/v2\/media\/268932"}],"wp:attachment":[{"href":"https:\/\/tarimhaber.com\/index.php?rest_route=%2Fwp%2Fv2%2Fmedia&parent=268931"}],"wp:term":[{"taxonomy":"category","embeddable":true,"href":"https:\/\/tarimhaber.com\/index.php?rest_route=%2Fwp%2Fv2%2Fcategories&post=268931"},{"taxonomy":"post_tag","embeddable":true,"href":"https:\/\/tarimhaber.com\/index.php?rest_route=%2Fwp%2Fv2%2Ftags&post=268931"}],"curies":[{"name":"wp","href":"https:\/\/api.w.org\/{rel}","templated":true}]}}