{"id":268936,"date":"2026-05-01T05:25:37","date_gmt":"2026-05-01T05:25:37","guid":{"rendered":"https:\/\/tarimhaber.com\/?p=268936"},"modified":"2026-05-01T05:25:37","modified_gmt":"2026-05-01T05:25:37","slug":"1-mayis-kutlamalarinin-merkezi-kadikoyde-yogun-guvenlik-onlemi","status":"publish","type":"post","link":"https:\/\/tarimhaber.com\/?p=268936","title":{"rendered":"1 May\u0131s kutlamalar\u0131n\u0131n merkezi Kad\u0131k\u00f6y&apos;de yo\u011fun g\u00fcvenlik \u00f6nlemi"},"content":{"rendered":"<p>\u0130stanbul\u2019da 1 May\u0131s Emek ve Dayan\u0131\u015fma G\u00fcn\u00fc kutlamalar\u0131n\u0131n bu y\u0131lki adresi yine Kad\u0131k\u00f6y R\u0131ht\u0131m Meydan\u0131 oldu. Kutlamalar \u00f6ncesinde polis ekipleri b\u00f6lgede geni\u015f g\u00fcvenlik \u00f6nlemleri ald\u0131. Meydan ve \u00e7evresindeki cadde ve sokaklar bariyerlerle kapat\u0131l\u0131rken, ara\u00e7 giri\u015fine izin verilmedi. Alana giri\u015fler kontrol noktalar\u0131ndan sa\u011flanacak, vatanda\u015flar \u00fcst aramas\u0131 ve \u00e7anta kontrol\u00fcnden ge\u00e7irilecek. G\u00fcn boyu yo\u011fun g\u00fcvenlik \u00f6nlemlerinin s\u00fcrece\u011fi bildirildi.<\/p>\n<p>Kaynak: <a href=\"https:\/\/www.haberler.com\/3-sayfa\/1-mayis-kutlamalarinin-merkezi-kadikoy-de-yogun-19794764-haberi\/\" target=\"_blank\" class=\"feedzy-rss-link-icon\">Read More<\/a><\/p>","protected":false},"excerpt":{"rendered":"<p>\u0130stanbul\u2019da 1 May\u0131s Emek ve Dayan\u0131\u015fma G\u00fcn\u00fc kutlamalar\u0131n\u0131n bu y\u0131lki adresi yine Kad\u0131k\u00f6y R\u0131ht\u0131m Meydan\u0131 oldu. Kutlamalar \u00f6ncesinde polis ekipleri b\u00f6lgede geni\u015f g\u00fcvenlik \u00f6nlemleri ald\u0131. Meydan ve \u00e7evresindeki cadde ve&hellip;<\/p>\n","protected":false},"author":0,"featured_media":268937,"comment_status":"open","ping_status":"open","sticky":false,"template":"","format":"standard","meta":{"footnotes":""},"categories":[4200],"tags":[],"class_list":["post-268936","post","type-post","status-publish","format-standard","has-post-thumbnail","hentry","category-guncel-haberler"],"_links":{"self":[{"href":"https:\/\/tarimhaber.com\/index.php?rest_route=\/wp\/v2\/posts\/268936","targetHints":{"allow":["GET"]}}],"collection":[{"href":"https:\/\/tarimhaber.com\/index.php?rest_route=\/wp\/v2\/posts"}],"about":[{"href":"https:\/\/tarimhaber.com\/index.php?rest_route=\/wp\/v2\/types\/post"}],"replies":[{"embeddable":true,"href":"https:\/\/tarimhaber.com\/index.php?rest_route=%2Fwp%2Fv2%2Fcomments&post=268936"}],"version-history":[{"count":0,"href":"https:\/\/tarimhaber.com\/index.php?rest_route=\/wp\/v2\/posts\/268936\/revisions"}],"wp:featuredmedia":[{"embeddable":true,"href":"https:\/\/tarimhaber.com\/index.php?rest_route=\/wp\/v2\/media\/268937"}],"wp:attachment":[{"href":"https:\/\/tarimhaber.com\/index.php?rest_route=%2Fwp%2Fv2%2Fmedia&parent=268936"}],"wp:term":[{"taxonomy":"category","embeddable":true,"href":"https:\/\/tarimhaber.com\/index.php?rest_route=%2Fwp%2Fv2%2Fcategories&post=268936"},{"taxonomy":"post_tag","embeddable":true,"href":"https:\/\/tarimhaber.com\/index.php?rest_route=%2Fwp%2Fv2%2Ftags&post=268936"}],"curies":[{"name":"wp","href":"https:\/\/api.w.org\/{rel}","templated":true}]}}