{"id":268938,"date":"2026-05-01T05:25:38","date_gmt":"2026-05-01T05:25:38","guid":{"rendered":"https:\/\/tarimhaber.com\/?p=268938"},"modified":"2026-05-01T05:25:38","modified_gmt":"2026-05-01T05:25:38","slug":"1-mayis-minibusler-calisiyor-mu-dolmuslar-calisiyor-mu","status":"publish","type":"post","link":"https:\/\/tarimhaber.com\/?p=268938","title":{"rendered":"1 May\u0131s minib\u00fcsler \u00e7al\u0131\u015f\u0131yor mu, dolmu\u015flar \u00e7al\u0131\u015f\u0131yor mu?"},"content":{"rendered":"<p>1 May\u0131s Emek ve Dayan\u0131\u015fma G\u00fcn\u00fc\u2019n\u00fcn resmi tatil olmas\u0131yla birlikte, \u015fehir i\u00e7i ula\u015f\u0131mda alternatif rotalar\u0131 kullanan vatanda\u015flar &#8220;1 May\u0131s\u2019ta minib\u00fcsler \u00e7al\u0131\u015f\u0131yor mu, dolmu\u015f seferleri iptal mi?&#8221; sorusunun yan\u0131t\u0131n\u0131 aramaya ba\u015flad\u0131. Belediye b\u00fcnyesindeki otob\u00fcs ve metrolar\u0131n \u00fccretsiz hizmet verdi\u011fi bu \u00f6zel g\u00fcnde, \u00f6zel i\u015fletme stat\u00fcs\u00fcndeki minib\u00fcs ve dolmu\u015flar\u0131n \u00e7al\u0131\u015fma saatleri ile g\u00fczergah durumlar\u0131 yolcular taraf\u0131ndan yak\u0131ndan takip ediliyor.<\/p>\n<p>Kaynak: <a href=\"https:\/\/www.haberler.com\/haber\/1-mayis-minibusler-calisiyor-mu-dolmuslar-19794763-haberi\/\" target=\"_blank\" class=\"feedzy-rss-link-icon\">Read More<\/a><\/p>","protected":false},"excerpt":{"rendered":"<p>1 May\u0131s Emek ve Dayan\u0131\u015fma G\u00fcn\u00fc\u2019n\u00fcn resmi tatil olmas\u0131yla birlikte, \u015fehir i\u00e7i ula\u015f\u0131mda alternatif rotalar\u0131 kullanan vatanda\u015flar &#8220;1 May\u0131s\u2019ta minib\u00fcsler \u00e7al\u0131\u015f\u0131yor mu, dolmu\u015f seferleri iptal mi?&#8221; sorusunun yan\u0131t\u0131n\u0131 aramaya ba\u015flad\u0131.&hellip;<\/p>\n","protected":false},"author":0,"featured_media":268939,"comment_status":"open","ping_status":"open","sticky":false,"template":"","format":"standard","meta":{"footnotes":""},"categories":[4200],"tags":[],"class_list":["post-268938","post","type-post","status-publish","format-standard","has-post-thumbnail","hentry","category-guncel-haberler"],"_links":{"self":[{"href":"https:\/\/tarimhaber.com\/index.php?rest_route=\/wp\/v2\/posts\/268938","targetHints":{"allow":["GET"]}}],"collection":[{"href":"https:\/\/tarimhaber.com\/index.php?rest_route=\/wp\/v2\/posts"}],"about":[{"href":"https:\/\/tarimhaber.com\/index.php?rest_route=\/wp\/v2\/types\/post"}],"replies":[{"embeddable":true,"href":"https:\/\/tarimhaber.com\/index.php?rest_route=%2Fwp%2Fv2%2Fcomments&post=268938"}],"version-history":[{"count":0,"href":"https:\/\/tarimhaber.com\/index.php?rest_route=\/wp\/v2\/posts\/268938\/revisions"}],"wp:featuredmedia":[{"embeddable":true,"href":"https:\/\/tarimhaber.com\/index.php?rest_route=\/wp\/v2\/media\/268939"}],"wp:attachment":[{"href":"https:\/\/tarimhaber.com\/index.php?rest_route=%2Fwp%2Fv2%2Fmedia&parent=268938"}],"wp:term":[{"taxonomy":"category","embeddable":true,"href":"https:\/\/tarimhaber.com\/index.php?rest_route=%2Fwp%2Fv2%2Fcategories&post=268938"},{"taxonomy":"post_tag","embeddable":true,"href":"https:\/\/tarimhaber.com\/index.php?rest_route=%2Fwp%2Fv2%2Ftags&post=268938"}],"curies":[{"name":"wp","href":"https:\/\/api.w.org\/{rel}","templated":true}]}}