{"id":268961,"date":"2026-05-01T06:26:18","date_gmt":"2026-05-01T06:26:18","guid":{"rendered":"http:\/\/tarimhaber.com\/?p=268961"},"modified":"2026-05-01T06:26:18","modified_gmt":"2026-05-01T06:26:18","slug":"surat-kargo-1-mayista-calisiyor-mu","status":"publish","type":"post","link":"https:\/\/tarimhaber.com\/?p=268961","title":{"rendered":"S\u00fcrat Kargo 1 May\u0131s\u2019ta \u00e7al\u0131\u015f\u0131yor mu?"},"content":{"rendered":"<p>1 May\u0131s Emek ve Dayan\u0131\u015fma G\u00fcn\u00fc nedeniyle kargo g\u00f6nderimi yapacak olan veya internet al\u0131\u015fveri\u015finin ula\u015fmas\u0131n\u0131 bekleyen vatanda\u015flar, &#8220;1 May\u0131s&#8217;ta S\u00fcrat Kargo a\u00e7\u0131k m\u0131, bug\u00fcn da\u011f\u0131t\u0131m yap\u0131lacak m\u0131?&#8221; sorusunun yan\u0131t\u0131n\u0131 ara\u015ft\u0131r\u0131yor. 2026 y\u0131l\u0131nda Cuma g\u00fcn\u00fcne denk gelen bu resmi tatilde, kargo firmalar\u0131n\u0131n \u00e7al\u0131\u015fma d\u00fczeni operasyonel planlamalara g\u00f6re \u015fekilleniyor. \u015eubelerin \u00e7al\u0131\u015fma saatleri ve kuryelerin saha operasyonlar\u0131 hakk\u0131nda en g\u00fcncel bilgileri i\u00e7eren 1 May\u0131s kargo rehberimiz, paket bekleyen binler<\/p>\n<p>Kaynak: <a href=\"https:\/\/www.haberler.com\/haber\/surat-kargo-1-mayista-calisiyor-mu-19794856-haberi\/\" target=\"_blank\" class=\"feedzy-rss-link-icon\">Read More<\/a><\/p>","protected":false},"excerpt":{"rendered":"<p>1 May\u0131s Emek ve Dayan\u0131\u015fma G\u00fcn\u00fc nedeniyle kargo g\u00f6nderimi yapacak olan veya internet al\u0131\u015fveri\u015finin ula\u015fmas\u0131n\u0131 bekleyen vatanda\u015flar, &#8220;1 May\u0131s&#8217;ta S\u00fcrat Kargo a\u00e7\u0131k m\u0131, bug\u00fcn da\u011f\u0131t\u0131m yap\u0131lacak m\u0131?&#8221; sorusunun yan\u0131t\u0131n\u0131 ara\u015ft\u0131r\u0131yor.&hellip;<\/p>\n","protected":false},"author":0,"featured_media":268962,"comment_status":"open","ping_status":"open","sticky":false,"template":"","format":"standard","meta":{"footnotes":""},"categories":[4200],"tags":[],"class_list":["post-268961","post","type-post","status-publish","format-standard","has-post-thumbnail","hentry","category-guncel-haberler"],"_links":{"self":[{"href":"https:\/\/tarimhaber.com\/index.php?rest_route=\/wp\/v2\/posts\/268961","targetHints":{"allow":["GET"]}}],"collection":[{"href":"https:\/\/tarimhaber.com\/index.php?rest_route=\/wp\/v2\/posts"}],"about":[{"href":"https:\/\/tarimhaber.com\/index.php?rest_route=\/wp\/v2\/types\/post"}],"replies":[{"embeddable":true,"href":"https:\/\/tarimhaber.com\/index.php?rest_route=%2Fwp%2Fv2%2Fcomments&post=268961"}],"version-history":[{"count":0,"href":"https:\/\/tarimhaber.com\/index.php?rest_route=\/wp\/v2\/posts\/268961\/revisions"}],"wp:featuredmedia":[{"embeddable":true,"href":"https:\/\/tarimhaber.com\/index.php?rest_route=\/wp\/v2\/media\/268962"}],"wp:attachment":[{"href":"https:\/\/tarimhaber.com\/index.php?rest_route=%2Fwp%2Fv2%2Fmedia&parent=268961"}],"wp:term":[{"taxonomy":"category","embeddable":true,"href":"https:\/\/tarimhaber.com\/index.php?rest_route=%2Fwp%2Fv2%2Fcategories&post=268961"},{"taxonomy":"post_tag","embeddable":true,"href":"https:\/\/tarimhaber.com\/index.php?rest_route=%2Fwp%2Fv2%2Ftags&post=268961"}],"curies":[{"name":"wp","href":"https:\/\/api.w.org\/{rel}","templated":true}]}}