{"id":268972,"date":"2026-05-01T07:25:27","date_gmt":"2026-05-01T07:25:27","guid":{"rendered":"http:\/\/tarimhaber.com\/?p=268972"},"modified":"2026-05-01T07:25:27","modified_gmt":"2026-05-01T07:25:27","slug":"erzincan-sivas-kara-yolunda-kaza-2-yarali","status":"publish","type":"post","link":"https:\/\/tarimhaber.com\/?p=268972","title":{"rendered":"Erzincan-Sivas kara yolunda kaza: 2 yaral\u0131"},"content":{"rendered":"<p>Erzincan-Sivas kara yolunda t\u0131r ile otomobilin \u00e7arp\u0131\u015fmas\u0131 sonucu 2 ki\u015fi yaraland\u0131.<\/p>\n<p>Kaynak: <a href=\"https:\/\/www.haberler.com\/3-sayfa\/erzincan-sivas-kara-yolunda-kaza-2-yarali-19795058-haberi\/\" target=\"_blank\" class=\"feedzy-rss-link-icon\">Read More<\/a><\/p>","protected":false},"excerpt":{"rendered":"<p>Erzincan-Sivas kara yolunda t\u0131r ile otomobilin \u00e7arp\u0131\u015fmas\u0131 sonucu 2 ki\u015fi yaraland\u0131. Kaynak: Read More<\/p>\n","protected":false},"author":0,"featured_media":268973,"comment_status":"open","ping_status":"open","sticky":false,"template":"","format":"standard","meta":{"footnotes":""},"categories":[4200],"tags":[],"class_list":["post-268972","post","type-post","status-publish","format-standard","has-post-thumbnail","hentry","category-guncel-haberler"],"_links":{"self":[{"href":"https:\/\/tarimhaber.com\/index.php?rest_route=\/wp\/v2\/posts\/268972","targetHints":{"allow":["GET"]}}],"collection":[{"href":"https:\/\/tarimhaber.com\/index.php?rest_route=\/wp\/v2\/posts"}],"about":[{"href":"https:\/\/tarimhaber.com\/index.php?rest_route=\/wp\/v2\/types\/post"}],"replies":[{"embeddable":true,"href":"https:\/\/tarimhaber.com\/index.php?rest_route=%2Fwp%2Fv2%2Fcomments&post=268972"}],"version-history":[{"count":0,"href":"https:\/\/tarimhaber.com\/index.php?rest_route=\/wp\/v2\/posts\/268972\/revisions"}],"wp:featuredmedia":[{"embeddable":true,"href":"https:\/\/tarimhaber.com\/index.php?rest_route=\/wp\/v2\/media\/268973"}],"wp:attachment":[{"href":"https:\/\/tarimhaber.com\/index.php?rest_route=%2Fwp%2Fv2%2Fmedia&parent=268972"}],"wp:term":[{"taxonomy":"category","embeddable":true,"href":"https:\/\/tarimhaber.com\/index.php?rest_route=%2Fwp%2Fv2%2Fcategories&post=268972"},{"taxonomy":"post_tag","embeddable":true,"href":"https:\/\/tarimhaber.com\/index.php?rest_route=%2Fwp%2Fv2%2Ftags&post=268972"}],"curies":[{"name":"wp","href":"https:\/\/api.w.org\/{rel}","templated":true}]}}