{"id":268978,"date":"2026-05-01T07:25:31","date_gmt":"2026-05-01T07:25:31","guid":{"rendered":"http:\/\/tarimhaber.com\/?p=268978"},"modified":"2026-05-01T07:25:31","modified_gmt":"2026-05-01T07:25:31","slug":"serdal-adali-ve-hulya-avsar-ayni-masada-verdigi-tepki-dikkatlerden-kacmadi","status":"publish","type":"post","link":"https:\/\/tarimhaber.com\/?p=268978","title":{"rendered":"Serdal Adal\u0131 ve H\u00fclya Av\u015far ayn\u0131 masada! Verdi\u011fi tepki dikkatlerden ka\u00e7mad\u0131"},"content":{"rendered":"<p>Be\u015fikta\u015f Ba\u015fkan\u0131 Serdal Adal\u0131 ve H\u00fclya Av\u015far, yemek masas\u0131nda bir arada g\u00f6r\u00fcld\u00fc. Sohbet s\u0131ras\u0131nda Av\u015far\u2019\u0131n verdi\u011fi \u015fa\u015fk\u0131n tepki ise dikkatlerden ka\u00e7mad\u0131.<\/p>\n<p>Kaynak: <a href=\"https:\/\/www.haberler.com\/spor\/serdar-adali-ve-hulya-avsar-ayni-masada-verdigi-19795044-haberi\/\" target=\"_blank\" class=\"feedzy-rss-link-icon\">Read More<\/a><\/p>","protected":false},"excerpt":{"rendered":"<p>Be\u015fikta\u015f Ba\u015fkan\u0131 Serdal Adal\u0131 ve H\u00fclya Av\u015far, yemek masas\u0131nda bir arada g\u00f6r\u00fcld\u00fc. Sohbet s\u0131ras\u0131nda Av\u015far\u2019\u0131n verdi\u011fi \u015fa\u015fk\u0131n tepki ise dikkatlerden ka\u00e7mad\u0131. Kaynak: Read More<\/p>\n","protected":false},"author":0,"featured_media":268979,"comment_status":"open","ping_status":"open","sticky":false,"template":"","format":"standard","meta":{"footnotes":""},"categories":[4200],"tags":[],"class_list":["post-268978","post","type-post","status-publish","format-standard","has-post-thumbnail","hentry","category-guncel-haberler"],"_links":{"self":[{"href":"https:\/\/tarimhaber.com\/index.php?rest_route=\/wp\/v2\/posts\/268978","targetHints":{"allow":["GET"]}}],"collection":[{"href":"https:\/\/tarimhaber.com\/index.php?rest_route=\/wp\/v2\/posts"}],"about":[{"href":"https:\/\/tarimhaber.com\/index.php?rest_route=\/wp\/v2\/types\/post"}],"replies":[{"embeddable":true,"href":"https:\/\/tarimhaber.com\/index.php?rest_route=%2Fwp%2Fv2%2Fcomments&post=268978"}],"version-history":[{"count":0,"href":"https:\/\/tarimhaber.com\/index.php?rest_route=\/wp\/v2\/posts\/268978\/revisions"}],"wp:featuredmedia":[{"embeddable":true,"href":"https:\/\/tarimhaber.com\/index.php?rest_route=\/wp\/v2\/media\/268979"}],"wp:attachment":[{"href":"https:\/\/tarimhaber.com\/index.php?rest_route=%2Fwp%2Fv2%2Fmedia&parent=268978"}],"wp:term":[{"taxonomy":"category","embeddable":true,"href":"https:\/\/tarimhaber.com\/index.php?rest_route=%2Fwp%2Fv2%2Fcategories&post=268978"},{"taxonomy":"post_tag","embeddable":true,"href":"https:\/\/tarimhaber.com\/index.php?rest_route=%2Fwp%2Fv2%2Ftags&post=268978"}],"curies":[{"name":"wp","href":"https:\/\/api.w.org\/{rel}","templated":true}]}}