{"id":268990,"date":"2026-05-01T07:25:36","date_gmt":"2026-05-01T07:25:36","guid":{"rendered":"http:\/\/tarimhaber.com\/?p=268990"},"modified":"2026-05-01T07:25:36","modified_gmt":"2026-05-01T07:25:36","slug":"uluslararasi-fonlara-erisim-afyonkarahisarda-masaya-yatirildi","status":"publish","type":"post","link":"https:\/\/tarimhaber.com\/?p=268990","title":{"rendered":"Uluslararas\u0131 fonlara eri\u015fim Afyonkarahisar&apos;da masaya yat\u0131r\u0131ld\u0131"},"content":{"rendered":"<p>Zafer Kalk\u0131nma Ajans\u0131 koordinasyonunda y\u00fcr\u00fct\u00fclen D\u0131\u015f Fonlar Tak\u0131m\u0131 (DFT) projesinin ilk toplant\u0131s\u0131, Afyonkarahisar&#8217;da ger\u00e7ekle\u015ftirildi.<\/p>\n<p>Kaynak: <a href=\"https:\/\/www.haberler.com\/yerel\/uluslararasi-fonlara-erisim-afyonkarahisar-da-19795030-haberi\/\" target=\"_blank\" class=\"feedzy-rss-link-icon\">Read More<\/a><\/p>","protected":false},"excerpt":{"rendered":"<p>Zafer Kalk\u0131nma Ajans\u0131 koordinasyonunda y\u00fcr\u00fct\u00fclen D\u0131\u015f Fonlar Tak\u0131m\u0131 (DFT) projesinin ilk toplant\u0131s\u0131, Afyonkarahisar&#8217;da ger\u00e7ekle\u015ftirildi. Kaynak: Read More<\/p>\n","protected":false},"author":0,"featured_media":268991,"comment_status":"open","ping_status":"open","sticky":false,"template":"","format":"standard","meta":{"footnotes":""},"categories":[4200],"tags":[],"class_list":["post-268990","post","type-post","status-publish","format-standard","has-post-thumbnail","hentry","category-guncel-haberler"],"_links":{"self":[{"href":"https:\/\/tarimhaber.com\/index.php?rest_route=\/wp\/v2\/posts\/268990","targetHints":{"allow":["GET"]}}],"collection":[{"href":"https:\/\/tarimhaber.com\/index.php?rest_route=\/wp\/v2\/posts"}],"about":[{"href":"https:\/\/tarimhaber.com\/index.php?rest_route=\/wp\/v2\/types\/post"}],"replies":[{"embeddable":true,"href":"https:\/\/tarimhaber.com\/index.php?rest_route=%2Fwp%2Fv2%2Fcomments&post=268990"}],"version-history":[{"count":0,"href":"https:\/\/tarimhaber.com\/index.php?rest_route=\/wp\/v2\/posts\/268990\/revisions"}],"wp:featuredmedia":[{"embeddable":true,"href":"https:\/\/tarimhaber.com\/index.php?rest_route=\/wp\/v2\/media\/268991"}],"wp:attachment":[{"href":"https:\/\/tarimhaber.com\/index.php?rest_route=%2Fwp%2Fv2%2Fmedia&parent=268990"}],"wp:term":[{"taxonomy":"category","embeddable":true,"href":"https:\/\/tarimhaber.com\/index.php?rest_route=%2Fwp%2Fv2%2Fcategories&post=268990"},{"taxonomy":"post_tag","embeddable":true,"href":"https:\/\/tarimhaber.com\/index.php?rest_route=%2Fwp%2Fv2%2Ftags&post=268990"}],"curies":[{"name":"wp","href":"https:\/\/api.w.org\/{rel}","templated":true}]}}