{"id":2690,"date":"2011-03-01T09:58:01","date_gmt":"2011-03-01T09:58:01","guid":{"rendered":"http:\/\/tarimhaber.com\/?p=2690"},"modified":"2011-03-01T09:58:01","modified_gmt":"2011-03-01T09:58:01","slug":"mehmet-erdogan-yabanci-sermaye-tarima-goz-dikti","status":"publish","type":"post","link":"https:\/\/tarimhaber.com\/?p=2690","title":{"rendered":"Mehmet Erdo\u011fan: Yabanc\u0131 sermaye tar\u0131ma g\u00f6z dikti"},"content":{"rendered":"<p>D\u00fcnyada ya\u015fanan g\u0131da krizi ve k\u00fcresel \u0131s\u0131nmaya ba\u011fl\u0131 olarak tar\u0131m sekt\u00f6r\u00fcn\u00fcn \u00f6neminin eskiye oranla birka\u00e7 kat daha artt\u0131\u011f\u0131na i\u015faret eden Sezon Pirin\u00e7 A.\u015e Y\u00f6netim Kurulu Ba\u015fkan\u0131 Mehmet Erdo\u011fan, T\u00fcrkiye`de perakende, turizm ve finans kesimlerinde yo\u011funla\u015fan yabanc\u0131 sermaye yat\u0131r\u0131mlar\u0131 h\u0131zla tar\u0131m sekt\u00f6r\u00fcne kaymaya ba\u015flad\u0131 dedi. Toplamda 24.3 milyon hektar tar\u0131m alan\u0131n\u0131n ancak 16.2 milyon hektar\u0131n\u0131n kullan\u0131ld\u0131\u011f\u0131n\u0131 belirten Erdo\u011fan, geriye kalan 8.1 milyon hektarl\u0131k b\u00f6l\u00fcm\u00fcn, yabanc\u0131 sermaye a\u00e7\u0131s\u0131ndan T\u00fcrkiye`yi hedef \u00fclkelerden biri konumuna getirdi\u011fini ifade etti. Arazilerin yar\u0131s\u0131 at\u0131lT\u00fcm d\u00fcnyada yabanc\u0131 sermayenin tar\u0131m arazisi al\u0131mlar\u0131na s\u0131cak bakt\u0131\u011f\u0131n\u0131 belirten Erdo\u011fan, Birle\u015fmi\u015f Milletler verilerinin son 3 y\u0131lda 30 milyon hektarl\u0131k tar\u0131m arazisinin yabanc\u0131 sermaye taraf\u0131ndan sat\u0131n al\u0131nd\u0131\u011f\u0131n\u0131 veya kiraland\u0131\u011f\u0131n\u0131 g\u00f6sterdi\u011fini s\u00f6yledi. D\u00fcnya G\u0131da \u00d6rg\u00fct\u00fc (FAO) istatistiklerine g\u00f6re t\u00fcm d\u00fcnyada 2.7 milyar hektar tar\u0131m arazisi bulundu\u011funu ancak, bunun sadece 1.5 milyar hektarl\u0131k b\u00f6l\u00fcm\u00fcn\u00fc&#8230;<\/p>\n","protected":false},"excerpt":{"rendered":"<p>D\u00fcnyada ya\u015fanan g\u0131da krizi ve k\u00fcresel \u0131s\u0131nmaya ba\u011fl\u0131 olarak tar\u0131m sekt\u00f6r\u00fcn\u00fcn \u00f6neminin eskiye oranla birka\u00e7 kat daha artt\u0131\u011f\u0131na i\u015faret eden Sezon Pirin\u00e7 A.\u015e Y\u00f6netim Kurulu Ba\u015fkan\u0131 Mehmet Erdo\u011fan, T\u00fcrkiye`de perakende,&hellip;<\/p>\n","protected":false},"author":1,"featured_media":0,"comment_status":"open","ping_status":"open","sticky":false,"template":"","format":"standard","meta":{"footnotes":""},"categories":[2],"tags":[2966],"class_list":["post-2690","post","type-post","status-publish","format-standard","hentry","category-tarimgentr","tag-http-www-referansgazetesi-com-haber-aspxhbr_kod143594"],"_links":{"self":[{"href":"https:\/\/tarimhaber.com\/index.php?rest_route=\/wp\/v2\/posts\/2690","targetHints":{"allow":["GET"]}}],"collection":[{"href":"https:\/\/tarimhaber.com\/index.php?rest_route=\/wp\/v2\/posts"}],"about":[{"href":"https:\/\/tarimhaber.com\/index.php?rest_route=\/wp\/v2\/types\/post"}],"author":[{"embeddable":true,"href":"https:\/\/tarimhaber.com\/index.php?rest_route=\/wp\/v2\/users\/1"}],"replies":[{"embeddable":true,"href":"https:\/\/tarimhaber.com\/index.php?rest_route=%2Fwp%2Fv2%2Fcomments&post=2690"}],"version-history":[{"count":0,"href":"https:\/\/tarimhaber.com\/index.php?rest_route=\/wp\/v2\/posts\/2690\/revisions"}],"wp:attachment":[{"href":"https:\/\/tarimhaber.com\/index.php?rest_route=%2Fwp%2Fv2%2Fmedia&parent=2690"}],"wp:term":[{"taxonomy":"category","embeddable":true,"href":"https:\/\/tarimhaber.com\/index.php?rest_route=%2Fwp%2Fv2%2Fcategories&post=2690"},{"taxonomy":"post_tag","embeddable":true,"href":"https:\/\/tarimhaber.com\/index.php?rest_route=%2Fwp%2Fv2%2Ftags&post=2690"}],"curies":[{"name":"wp","href":"https:\/\/api.w.org\/{rel}","templated":true}]}}