{"id":269007,"date":"2026-05-01T08:26:13","date_gmt":"2026-05-01T08:26:13","guid":{"rendered":"https:\/\/tarimhaber.com\/?p=269007"},"modified":"2026-05-01T08:26:13","modified_gmt":"2026-05-01T08:26:13","slug":"bim-cuma-gunu-oglen-kacta-aciliyor-bim-cuma-ogle-arasi-ve-bim-cuma-calisma-saatleri","status":"publish","type":"post","link":"https:\/\/tarimhaber.com\/?p=269007","title":{"rendered":"B\u0130M Cuma g\u00fcn\u00fc \u00f6\u011flen ka\u00e7ta a\u00e7\u0131l\u0131yor, B\u0130M Cuma \u00f6\u011fle aras\u0131 ve B\u0130M Cuma \u00e7al\u0131\u015fma saatleri?"},"content":{"rendered":"<p>Vatanda\u015flar, &#8220;B\u0130M Cuma g\u00fcn\u00fc \u00f6\u011flen ka\u00e7ta a\u00e7\u0131l\u0131yor, Cuma \u00f6\u011fle aras\u0131 saat ka\u00e7ta ba\u015fl\u0131yor?&#8221; sorular\u0131na yan\u0131t ar\u0131yor.Cuma g\u00fcn\u00fcnde, B\u0130M market zincirinin personelinin Cuma namaz\u0131 ibadetini yerine getirebilmesi i\u00e7in uygulanan \u00f6zel \u00e7al\u0131\u015fma saati d\u00fczenlemesi b\u00fcy\u00fck \u00f6nem ta\u015f\u0131yor. T\u00fcrkiye genelindeki binlerce \u015fubesiyle hizmet veren marketin Cuma g\u00fcn\u00fc g\u00fcncel a\u00e7\u0131l\u0131\u015f, kapan\u0131\u015f ve \u00f6\u011fle molas\u0131 saatlerini i\u00e7eren t\u00fcm detaylar\u0131 haberimizde derledik.<\/p>\n<p>Kaynak: <a href=\"https:\/\/www.haberler.com\/haber\/bim-cuma-gunu-oglen-kacta-aciliyor-bim-cuma-ogle-19795251-haberi\/\" target=\"_blank\" class=\"feedzy-rss-link-icon\">Read More<\/a><\/p>","protected":false},"excerpt":{"rendered":"<p>Vatanda\u015flar, &#8220;B\u0130M Cuma g\u00fcn\u00fc \u00f6\u011flen ka\u00e7ta a\u00e7\u0131l\u0131yor, Cuma \u00f6\u011fle aras\u0131 saat ka\u00e7ta ba\u015fl\u0131yor?&#8221; sorular\u0131na yan\u0131t ar\u0131yor.Cuma g\u00fcn\u00fcnde, B\u0130M market zincirinin personelinin Cuma namaz\u0131 ibadetini yerine getirebilmesi i\u00e7in uygulanan \u00f6zel \u00e7al\u0131\u015fma&hellip;<\/p>\n","protected":false},"author":0,"featured_media":269008,"comment_status":"open","ping_status":"open","sticky":false,"template":"","format":"standard","meta":{"footnotes":""},"categories":[4200],"tags":[],"class_list":["post-269007","post","type-post","status-publish","format-standard","has-post-thumbnail","hentry","category-guncel-haberler"],"_links":{"self":[{"href":"https:\/\/tarimhaber.com\/index.php?rest_route=\/wp\/v2\/posts\/269007","targetHints":{"allow":["GET"]}}],"collection":[{"href":"https:\/\/tarimhaber.com\/index.php?rest_route=\/wp\/v2\/posts"}],"about":[{"href":"https:\/\/tarimhaber.com\/index.php?rest_route=\/wp\/v2\/types\/post"}],"replies":[{"embeddable":true,"href":"https:\/\/tarimhaber.com\/index.php?rest_route=%2Fwp%2Fv2%2Fcomments&post=269007"}],"version-history":[{"count":0,"href":"https:\/\/tarimhaber.com\/index.php?rest_route=\/wp\/v2\/posts\/269007\/revisions"}],"wp:featuredmedia":[{"embeddable":true,"href":"https:\/\/tarimhaber.com\/index.php?rest_route=\/wp\/v2\/media\/269008"}],"wp:attachment":[{"href":"https:\/\/tarimhaber.com\/index.php?rest_route=%2Fwp%2Fv2%2Fmedia&parent=269007"}],"wp:term":[{"taxonomy":"category","embeddable":true,"href":"https:\/\/tarimhaber.com\/index.php?rest_route=%2Fwp%2Fv2%2Fcategories&post=269007"},{"taxonomy":"post_tag","embeddable":true,"href":"https:\/\/tarimhaber.com\/index.php?rest_route=%2Fwp%2Fv2%2Ftags&post=269007"}],"curies":[{"name":"wp","href":"https:\/\/api.w.org\/{rel}","templated":true}]}}