{"id":269011,"date":"2026-05-01T08:26:15","date_gmt":"2026-05-01T08:26:15","guid":{"rendered":"https:\/\/tarimhaber.com\/?p=269011"},"modified":"2026-05-01T08:26:15","modified_gmt":"2026-05-01T08:26:15","slug":"alli-turnalar-koylulerin-olusturdugu-goleti-mesken-tuttu","status":"publish","type":"post","link":"https:\/\/tarimhaber.com\/?p=269011","title":{"rendered":"&quot;All\u0131 turnalar&quot; k\u00f6yl\u00fclerin olu\u015fturdu\u011fu g\u00f6leti mesken tuttu"},"content":{"rendered":"<p>Kayseri&#8217;nin Sar\u0131o\u011flan il\u00e7esi Palas Mahallesi&#8217;nde vatanda\u015flar\u0131n hayvanlar\u0131n\u0131 otlatt\u0131\u011f\u0131 meray\u0131 sulamak i\u00e7in kanal a\u00e7arak getirdi\u011fi suyla olu\u015fan ge\u00e7ici g\u00f6let, g\u00f6\u00e7men ku\u015flara ev sahipli\u011fi yap\u0131yor<br \/>\n&#8211; Palasl\u0131lar Sosyal K\u00fclt\u00fcr ve Dayan\u0131\u015fma Derne\u011fi Ba\u015fkan\u0131 Murat \u00d6zdemir:<br \/>\n&#8211; &#8220;Ama\u00e7 buray\u0131 sulamakt\u0131. Bu amaca ula\u015f\u0131ld\u0131 ve bunun yan\u0131nda kendili\u011finden olu\u015fan g\u00f6let de Tuzla Palas G\u00f6l\u00fc&#8217;ne gelen ba\u015fta flamingolar olmak \u00fczere bir\u00e7ok ku\u015f t\u00fcr\u00fcne ev sahipli\u011fi yapmaya ba\u015flad\u0131&#8221;<\/p>\n<p>Kaynak: <a href=\"https:\/\/www.haberler.com\/guncel\/alli-turnalar-koylulerin-olusturdugu-goleti-mesken-19795249-haberi\/\" target=\"_blank\" class=\"feedzy-rss-link-icon\">Read More<\/a><\/p>","protected":false},"excerpt":{"rendered":"<p>Kayseri&#8217;nin Sar\u0131o\u011flan il\u00e7esi Palas Mahallesi&#8217;nde vatanda\u015flar\u0131n hayvanlar\u0131n\u0131 otlatt\u0131\u011f\u0131 meray\u0131 sulamak i\u00e7in kanal a\u00e7arak getirdi\u011fi suyla olu\u015fan ge\u00e7ici g\u00f6let, g\u00f6\u00e7men ku\u015flara ev sahipli\u011fi yap\u0131yor &#8211; Palasl\u0131lar Sosyal K\u00fclt\u00fcr ve Dayan\u0131\u015fma Derne\u011fi&hellip;<\/p>\n","protected":false},"author":0,"featured_media":269012,"comment_status":"open","ping_status":"open","sticky":false,"template":"","format":"standard","meta":{"footnotes":""},"categories":[4200],"tags":[],"class_list":["post-269011","post","type-post","status-publish","format-standard","has-post-thumbnail","hentry","category-guncel-haberler"],"_links":{"self":[{"href":"https:\/\/tarimhaber.com\/index.php?rest_route=\/wp\/v2\/posts\/269011","targetHints":{"allow":["GET"]}}],"collection":[{"href":"https:\/\/tarimhaber.com\/index.php?rest_route=\/wp\/v2\/posts"}],"about":[{"href":"https:\/\/tarimhaber.com\/index.php?rest_route=\/wp\/v2\/types\/post"}],"replies":[{"embeddable":true,"href":"https:\/\/tarimhaber.com\/index.php?rest_route=%2Fwp%2Fv2%2Fcomments&post=269011"}],"version-history":[{"count":0,"href":"https:\/\/tarimhaber.com\/index.php?rest_route=\/wp\/v2\/posts\/269011\/revisions"}],"wp:featuredmedia":[{"embeddable":true,"href":"https:\/\/tarimhaber.com\/index.php?rest_route=\/wp\/v2\/media\/269012"}],"wp:attachment":[{"href":"https:\/\/tarimhaber.com\/index.php?rest_route=%2Fwp%2Fv2%2Fmedia&parent=269011"}],"wp:term":[{"taxonomy":"category","embeddable":true,"href":"https:\/\/tarimhaber.com\/index.php?rest_route=%2Fwp%2Fv2%2Fcategories&post=269011"},{"taxonomy":"post_tag","embeddable":true,"href":"https:\/\/tarimhaber.com\/index.php?rest_route=%2Fwp%2Fv2%2Ftags&post=269011"}],"curies":[{"name":"wp","href":"https:\/\/api.w.org\/{rel}","templated":true}]}}