{"id":269029,"date":"2026-05-01T09:25:25","date_gmt":"2026-05-01T09:25:25","guid":{"rendered":"https:\/\/tarimhaber.com\/?p=269029"},"modified":"2026-05-01T09:25:25","modified_gmt":"2026-05-01T09:25:25","slug":"amasrada-firtina-dalga-boyu-2-metreye-ulasti","status":"publish","type":"post","link":"https:\/\/tarimhaber.com\/?p=269029","title":{"rendered":"Amasra&apos;da f\u0131rt\u0131na; dalga boyu 2 metreye ula\u015ft\u0131"},"content":{"rendered":"<p>BARTIN&#8217;\u0131n Amasra il\u00e7esinde kuvvetli r\u00fczgar nedeniyle denizde dalga boyu 2 metreye ula\u015ft\u0131.<\/p>\n<p>Kaynak: <a href=\"https:\/\/www.haberler.com\/guncel\/amasra-da-firtina-dalga-boyu-2-metreye-ulasti-19795493-haberi\/\" target=\"_blank\" class=\"feedzy-rss-link-icon\">Read More<\/a><\/p>","protected":false},"excerpt":{"rendered":"<p>BARTIN&#8217;\u0131n Amasra il\u00e7esinde kuvvetli r\u00fczgar nedeniyle denizde dalga boyu 2 metreye ula\u015ft\u0131. Kaynak: Read More<\/p>\n","protected":false},"author":0,"featured_media":269030,"comment_status":"open","ping_status":"open","sticky":false,"template":"","format":"standard","meta":{"footnotes":""},"categories":[4200],"tags":[],"class_list":["post-269029","post","type-post","status-publish","format-standard","has-post-thumbnail","hentry","category-guncel-haberler"],"_links":{"self":[{"href":"https:\/\/tarimhaber.com\/index.php?rest_route=\/wp\/v2\/posts\/269029","targetHints":{"allow":["GET"]}}],"collection":[{"href":"https:\/\/tarimhaber.com\/index.php?rest_route=\/wp\/v2\/posts"}],"about":[{"href":"https:\/\/tarimhaber.com\/index.php?rest_route=\/wp\/v2\/types\/post"}],"replies":[{"embeddable":true,"href":"https:\/\/tarimhaber.com\/index.php?rest_route=%2Fwp%2Fv2%2Fcomments&post=269029"}],"version-history":[{"count":0,"href":"https:\/\/tarimhaber.com\/index.php?rest_route=\/wp\/v2\/posts\/269029\/revisions"}],"wp:featuredmedia":[{"embeddable":true,"href":"https:\/\/tarimhaber.com\/index.php?rest_route=\/wp\/v2\/media\/269030"}],"wp:attachment":[{"href":"https:\/\/tarimhaber.com\/index.php?rest_route=%2Fwp%2Fv2%2Fmedia&parent=269029"}],"wp:term":[{"taxonomy":"category","embeddable":true,"href":"https:\/\/tarimhaber.com\/index.php?rest_route=%2Fwp%2Fv2%2Fcategories&post=269029"},{"taxonomy":"post_tag","embeddable":true,"href":"https:\/\/tarimhaber.com\/index.php?rest_route=%2Fwp%2Fv2%2Ftags&post=269029"}],"curies":[{"name":"wp","href":"https:\/\/api.w.org\/{rel}","templated":true}]}}