{"id":269060,"date":"2026-05-01T10:25:44","date_gmt":"2026-05-01T10:25:44","guid":{"rendered":"https:\/\/tarimhaber.com\/?p=269060"},"modified":"2026-05-01T10:25:44","modified_gmt":"2026-05-01T10:25:44","slug":"tekirdagda-taklalar-atan-otomobilin-fuar-alanina-uctugu-kaza-kamerada","status":"publish","type":"post","link":"https:\/\/tarimhaber.com\/?p=269060","title":{"rendered":"Tekirda\u011f&apos;da taklalar atan otomobilin fuar alan\u0131na u\u00e7tu\u011fu kaza kamerada"},"content":{"rendered":"<p>Tekirda\u011f&#8217;\u0131n \u00c7orlu il\u00e7esinde yoldan \u00e7\u0131karak takla atan otomobilin fuar alan\u0131nda bulunan bi\u00e7erd\u00f6vere \u00e7arpt\u0131\u011f\u0131 kaza kameraya yans\u0131d\u0131.<\/p>\n<p>Kaynak: <a href=\"https:\/\/www.haberler.com\/3-sayfa\/tekirdag-da-taklalar-atan-otomobilin-fuar-alanina-19795668-haberi\/\" target=\"_blank\" class=\"feedzy-rss-link-icon\">Read More<\/a><\/p>","protected":false},"excerpt":{"rendered":"<p>Tekirda\u011f&#8217;\u0131n \u00c7orlu il\u00e7esinde yoldan \u00e7\u0131karak takla atan otomobilin fuar alan\u0131nda bulunan bi\u00e7erd\u00f6vere \u00e7arpt\u0131\u011f\u0131 kaza kameraya yans\u0131d\u0131. Kaynak: Read More<\/p>\n","protected":false},"author":0,"featured_media":269061,"comment_status":"open","ping_status":"open","sticky":false,"template":"","format":"standard","meta":{"footnotes":""},"categories":[4200],"tags":[],"class_list":["post-269060","post","type-post","status-publish","format-standard","has-post-thumbnail","hentry","category-guncel-haberler"],"_links":{"self":[{"href":"https:\/\/tarimhaber.com\/index.php?rest_route=\/wp\/v2\/posts\/269060","targetHints":{"allow":["GET"]}}],"collection":[{"href":"https:\/\/tarimhaber.com\/index.php?rest_route=\/wp\/v2\/posts"}],"about":[{"href":"https:\/\/tarimhaber.com\/index.php?rest_route=\/wp\/v2\/types\/post"}],"replies":[{"embeddable":true,"href":"https:\/\/tarimhaber.com\/index.php?rest_route=%2Fwp%2Fv2%2Fcomments&post=269060"}],"version-history":[{"count":0,"href":"https:\/\/tarimhaber.com\/index.php?rest_route=\/wp\/v2\/posts\/269060\/revisions"}],"wp:featuredmedia":[{"embeddable":true,"href":"https:\/\/tarimhaber.com\/index.php?rest_route=\/wp\/v2\/media\/269061"}],"wp:attachment":[{"href":"https:\/\/tarimhaber.com\/index.php?rest_route=%2Fwp%2Fv2%2Fmedia&parent=269060"}],"wp:term":[{"taxonomy":"category","embeddable":true,"href":"https:\/\/tarimhaber.com\/index.php?rest_route=%2Fwp%2Fv2%2Fcategories&post=269060"},{"taxonomy":"post_tag","embeddable":true,"href":"https:\/\/tarimhaber.com\/index.php?rest_route=%2Fwp%2Fv2%2Ftags&post=269060"}],"curies":[{"name":"wp","href":"https:\/\/api.w.org\/{rel}","templated":true}]}}