{"id":269081,"date":"2026-05-01T11:26:06","date_gmt":"2026-05-01T11:26:06","guid":{"rendered":"http:\/\/tarimhaber.com\/?p=269081"},"modified":"2026-05-01T11:26:06","modified_gmt":"2026-05-01T11:26:06","slug":"1-mayisa-damga-vuran-goruntu-basbakan-fikodan-firincilarin-gece-mesaisine-destek","status":"publish","type":"post","link":"https:\/\/tarimhaber.com\/?p=269081","title":{"rendered":"1 May\u0131s&apos;a damga vuran g\u00f6r\u00fcnt\u00fc! Ba\u015fbakan Fiko&apos;dan f\u0131r\u0131nc\u0131lar\u0131n gece mesaisine destek"},"content":{"rendered":"<p>Slovakya Ba\u015fbakan\u0131 Robert Fico, 1 May\u0131s Emek ve Dayan\u0131\u015fma G\u00fcn\u00fc\u2019nde gece \u00e7al\u0131\u015fan i\u015f\u00e7ilere dikkat \u00e7ekmek amac\u0131yla bir f\u0131r\u0131nda \u00e7al\u0131\u015ft\u0131. \u0130\u015f\u00e7ilerle birlikte \u00fcretime kat\u0131lan Fico\u2019nun bu ad\u0131m\u0131, d\u0131\u015f bas\u0131nda \u201cgece eme\u011fine dikkat \u00e7eken sembolik bir hareket\u201d olarak de\u011ferlendirildi. G\u00f6r\u00fcnt\u00fcler sosyal medyada da geni\u015f yank\u0131 bulurken, baz\u0131 kullan\u0131c\u0131lar deste\u011fini ifade etti, baz\u0131lar\u0131 ise ad\u0131m\u0131 sembolik buldu.<\/p>\n<p>Kaynak: <a href=\"https:\/\/www.haberler.com\/haberler\/1-mayisa-damga-vuran-goruntu-basbakan-fikodan-19795852-haberi\/\" target=\"_blank\" class=\"feedzy-rss-link-icon\">Read More<\/a><\/p>","protected":false},"excerpt":{"rendered":"<p>Slovakya Ba\u015fbakan\u0131 Robert Fico, 1 May\u0131s Emek ve Dayan\u0131\u015fma G\u00fcn\u00fc\u2019nde gece \u00e7al\u0131\u015fan i\u015f\u00e7ilere dikkat \u00e7ekmek amac\u0131yla bir f\u0131r\u0131nda \u00e7al\u0131\u015ft\u0131. \u0130\u015f\u00e7ilerle birlikte \u00fcretime kat\u0131lan Fico\u2019nun bu ad\u0131m\u0131, d\u0131\u015f bas\u0131nda \u201cgece eme\u011fine&hellip;<\/p>\n","protected":false},"author":0,"featured_media":269082,"comment_status":"open","ping_status":"open","sticky":false,"template":"","format":"standard","meta":{"footnotes":""},"categories":[4200],"tags":[],"class_list":["post-269081","post","type-post","status-publish","format-standard","has-post-thumbnail","hentry","category-guncel-haberler"],"_links":{"self":[{"href":"https:\/\/tarimhaber.com\/index.php?rest_route=\/wp\/v2\/posts\/269081","targetHints":{"allow":["GET"]}}],"collection":[{"href":"https:\/\/tarimhaber.com\/index.php?rest_route=\/wp\/v2\/posts"}],"about":[{"href":"https:\/\/tarimhaber.com\/index.php?rest_route=\/wp\/v2\/types\/post"}],"replies":[{"embeddable":true,"href":"https:\/\/tarimhaber.com\/index.php?rest_route=%2Fwp%2Fv2%2Fcomments&post=269081"}],"version-history":[{"count":0,"href":"https:\/\/tarimhaber.com\/index.php?rest_route=\/wp\/v2\/posts\/269081\/revisions"}],"wp:featuredmedia":[{"embeddable":true,"href":"https:\/\/tarimhaber.com\/index.php?rest_route=\/wp\/v2\/media\/269082"}],"wp:attachment":[{"href":"https:\/\/tarimhaber.com\/index.php?rest_route=%2Fwp%2Fv2%2Fmedia&parent=269081"}],"wp:term":[{"taxonomy":"category","embeddable":true,"href":"https:\/\/tarimhaber.com\/index.php?rest_route=%2Fwp%2Fv2%2Fcategories&post=269081"},{"taxonomy":"post_tag","embeddable":true,"href":"https:\/\/tarimhaber.com\/index.php?rest_route=%2Fwp%2Fv2%2Ftags&post=269081"}],"curies":[{"name":"wp","href":"https:\/\/api.w.org\/{rel}","templated":true}]}}