{"id":2691,"date":"2011-03-01T14:39:53","date_gmt":"2011-03-01T14:39:53","guid":{"rendered":"http:\/\/tarimhaber.com\/?p=2691"},"modified":"2011-03-01T14:39:53","modified_gmt":"2011-03-01T14:39:53","slug":"expo-2016-tarim-ve-koyisleri-bakanligi-koordinasyonunda-duzenlenecek","status":"publish","type":"post","link":"https:\/\/tarimhaber.com\/?p=2691","title":{"rendered":"EXPO 2016, Tar\u0131m ve K\u00f6yi\u015fleri Bakanl\u0131\u011f\u0131 koordinasyonunda d\u00fczenlenecek"},"content":{"rendered":"<p>Antalya`da 2016 y\u0131l\u0131nda d\u00fczenlenecek botanik temal\u0131 EXPO`nun koordinat\u00f6r bakanl\u0131\u011f\u0131 belli oldu. EXPO 2016 Tar\u0131m K\u00f6yi\u015fleri Bakanl\u0131\u011f\u0131`n\u0131n koordinasyonunda d\u00fczenlenecek. Antalya Valisi Ahmet Alt\u0131parmak, EXPO 2016`n\u0131n koordinat\u00f6r bakanl\u0131\u011f\u0131n\u0131n belli oldu\u011funu a\u00e7\u0131klad\u0131. Alt\u0131parmak, Tar\u0131m ve K\u00f6yi\u015fleri Bakanl\u0131\u011f\u0131`yla ili\u015fkilendirildik. Bundan b\u00f6yle valili\u011fimizle, EXPO icra kurulu ile birlikte Tar\u0131m ve K\u00f6yi\u015fleri Bakanl\u0131\u011f\u0131m\u0131z koordine edecek. dedi.<\/p>\n","protected":false},"excerpt":{"rendered":"<p>Antalya`da 2016 y\u0131l\u0131nda d\u00fczenlenecek botanik temal\u0131 EXPO`nun koordinat\u00f6r bakanl\u0131\u011f\u0131 belli oldu. EXPO 2016 Tar\u0131m K\u00f6yi\u015fleri Bakanl\u0131\u011f\u0131`n\u0131n koordinasyonunda d\u00fczenlenecek. Antalya Valisi Ahmet Alt\u0131parmak, EXPO 2016`n\u0131n koordinat\u00f6r bakanl\u0131\u011f\u0131n\u0131n belli oldu\u011funu a\u00e7\u0131klad\u0131. Alt\u0131parmak,&hellip;<\/p>\n","protected":false},"author":1,"featured_media":0,"comment_status":"open","ping_status":"open","sticky":false,"template":"","format":"standard","meta":{"footnotes":""},"categories":[2],"tags":[3497],"class_list":["post-2691","post","type-post","status-publish","format-standard","hentry","category-tarimgentr","tag-http-www-zaman-com-tr-haber-dohaberno1100952titleexpo-2016-tarim-ve-koyisleri-bakanligi-koordinasyonunda-duzenlenecek"],"_links":{"self":[{"href":"https:\/\/tarimhaber.com\/index.php?rest_route=\/wp\/v2\/posts\/2691","targetHints":{"allow":["GET"]}}],"collection":[{"href":"https:\/\/tarimhaber.com\/index.php?rest_route=\/wp\/v2\/posts"}],"about":[{"href":"https:\/\/tarimhaber.com\/index.php?rest_route=\/wp\/v2\/types\/post"}],"author":[{"embeddable":true,"href":"https:\/\/tarimhaber.com\/index.php?rest_route=\/wp\/v2\/users\/1"}],"replies":[{"embeddable":true,"href":"https:\/\/tarimhaber.com\/index.php?rest_route=%2Fwp%2Fv2%2Fcomments&post=2691"}],"version-history":[{"count":0,"href":"https:\/\/tarimhaber.com\/index.php?rest_route=\/wp\/v2\/posts\/2691\/revisions"}],"wp:attachment":[{"href":"https:\/\/tarimhaber.com\/index.php?rest_route=%2Fwp%2Fv2%2Fmedia&parent=2691"}],"wp:term":[{"taxonomy":"category","embeddable":true,"href":"https:\/\/tarimhaber.com\/index.php?rest_route=%2Fwp%2Fv2%2Fcategories&post=2691"},{"taxonomy":"post_tag","embeddable":true,"href":"https:\/\/tarimhaber.com\/index.php?rest_route=%2Fwp%2Fv2%2Ftags&post=2691"}],"curies":[{"name":"wp","href":"https:\/\/api.w.org\/{rel}","templated":true}]}}