{"id":269102,"date":"2026-05-01T12:26:06","date_gmt":"2026-05-01T12:26:06","guid":{"rendered":"https:\/\/tarimhaber.com\/?p=269102"},"modified":"2026-05-01T12:26:06","modified_gmt":"2026-05-01T12:26:06","slug":"takimdan-ayrilacak-mi-iste-torreiranin-son-karari","status":"publish","type":"post","link":"https:\/\/tarimhaber.com\/?p=269102","title":{"rendered":"Tak\u0131mdan ayr\u0131lacak m\u0131? \u0130\u015fte Torreira\u2019n\u0131n son karar\u0131"},"content":{"rendered":"<p>Tak\u0131mdan ayr\u0131laca\u011f\u0131 ve \u00fclkesine d\u00f6nece\u011fi konu\u015fulan Lucas Torreira\u2019n\u0131n Galatasaray\u2019da kalma karar\u0131 ald\u0131\u011f\u0131 ve en az \u00fc\u00e7 y\u0131l daha sar\u0131-k\u0131rm\u0131z\u0131l\u0131 formay\u0131 giymeyi planlad\u0131\u011f\u0131 \u00f6\u011frenildi.<\/p>\n<p>Kaynak: <a href=\"https:\/\/www.haberler.com\/spor\/takimdan-ayrilacak-mi-iste-torreiranin-son-karari-19796032-haberi\/\" target=\"_blank\" class=\"feedzy-rss-link-icon\">Read More<\/a><\/p>","protected":false},"excerpt":{"rendered":"<p>Tak\u0131mdan ayr\u0131laca\u011f\u0131 ve \u00fclkesine d\u00f6nece\u011fi konu\u015fulan Lucas Torreira\u2019n\u0131n Galatasaray\u2019da kalma karar\u0131 ald\u0131\u011f\u0131 ve en az \u00fc\u00e7 y\u0131l daha sar\u0131-k\u0131rm\u0131z\u0131l\u0131 formay\u0131 giymeyi planlad\u0131\u011f\u0131 \u00f6\u011frenildi. Kaynak: Read More<\/p>\n","protected":false},"author":0,"featured_media":269103,"comment_status":"open","ping_status":"open","sticky":false,"template":"","format":"standard","meta":{"footnotes":""},"categories":[4200],"tags":[],"class_list":["post-269102","post","type-post","status-publish","format-standard","has-post-thumbnail","hentry","category-guncel-haberler"],"_links":{"self":[{"href":"https:\/\/tarimhaber.com\/index.php?rest_route=\/wp\/v2\/posts\/269102","targetHints":{"allow":["GET"]}}],"collection":[{"href":"https:\/\/tarimhaber.com\/index.php?rest_route=\/wp\/v2\/posts"}],"about":[{"href":"https:\/\/tarimhaber.com\/index.php?rest_route=\/wp\/v2\/types\/post"}],"replies":[{"embeddable":true,"href":"https:\/\/tarimhaber.com\/index.php?rest_route=%2Fwp%2Fv2%2Fcomments&post=269102"}],"version-history":[{"count":0,"href":"https:\/\/tarimhaber.com\/index.php?rest_route=\/wp\/v2\/posts\/269102\/revisions"}],"wp:featuredmedia":[{"embeddable":true,"href":"https:\/\/tarimhaber.com\/index.php?rest_route=\/wp\/v2\/media\/269103"}],"wp:attachment":[{"href":"https:\/\/tarimhaber.com\/index.php?rest_route=%2Fwp%2Fv2%2Fmedia&parent=269102"}],"wp:term":[{"taxonomy":"category","embeddable":true,"href":"https:\/\/tarimhaber.com\/index.php?rest_route=%2Fwp%2Fv2%2Fcategories&post=269102"},{"taxonomy":"post_tag","embeddable":true,"href":"https:\/\/tarimhaber.com\/index.php?rest_route=%2Fwp%2Fv2%2Ftags&post=269102"}],"curies":[{"name":"wp","href":"https:\/\/api.w.org\/{rel}","templated":true}]}}