{"id":269124,"date":"2026-05-01T13:26:05","date_gmt":"2026-05-01T13:26:05","guid":{"rendered":"http:\/\/tarimhaber.com\/?p=269124"},"modified":"2026-05-01T13:26:05","modified_gmt":"2026-05-01T13:26:05","slug":"keban-ilcesinde-sehit-kemal-aslan-cesmesi-acildi","status":"publish","type":"post","link":"https:\/\/tarimhaber.com\/?p=269124","title":{"rendered":"Keban il\u00e7esinde &quot;\u015eehit Kemal Aslan \u00c7e\u015fmesi&quot; a\u00e7\u0131ld\u0131"},"content":{"rendered":"<p>Keban Belediyesi taraf\u0131ndan yapt\u0131r\u0131lan &#8220;\u015eehit Kemal Aslan \u00c7e\u015fmesi&#8221; t\u00f6renle a\u00e7\u0131ld\u0131.<\/p>\n<p>Kaynak: <a href=\"https:\/\/www.haberler.com\/guncel\/keban-ilcesinde-sehit-kemal-aslan-cesmesi-acildi-19796194-haberi\/\" target=\"_blank\" class=\"feedzy-rss-link-icon\">Read More<\/a><\/p>","protected":false},"excerpt":{"rendered":"<p>Keban Belediyesi taraf\u0131ndan yapt\u0131r\u0131lan &#8220;\u015eehit Kemal Aslan \u00c7e\u015fmesi&#8221; t\u00f6renle a\u00e7\u0131ld\u0131. Kaynak: Read More<\/p>\n","protected":false},"author":0,"featured_media":269125,"comment_status":"open","ping_status":"open","sticky":false,"template":"","format":"standard","meta":{"footnotes":""},"categories":[4200],"tags":[],"class_list":["post-269124","post","type-post","status-publish","format-standard","has-post-thumbnail","hentry","category-guncel-haberler"],"_links":{"self":[{"href":"https:\/\/tarimhaber.com\/index.php?rest_route=\/wp\/v2\/posts\/269124","targetHints":{"allow":["GET"]}}],"collection":[{"href":"https:\/\/tarimhaber.com\/index.php?rest_route=\/wp\/v2\/posts"}],"about":[{"href":"https:\/\/tarimhaber.com\/index.php?rest_route=\/wp\/v2\/types\/post"}],"replies":[{"embeddable":true,"href":"https:\/\/tarimhaber.com\/index.php?rest_route=%2Fwp%2Fv2%2Fcomments&post=269124"}],"version-history":[{"count":0,"href":"https:\/\/tarimhaber.com\/index.php?rest_route=\/wp\/v2\/posts\/269124\/revisions"}],"wp:featuredmedia":[{"embeddable":true,"href":"https:\/\/tarimhaber.com\/index.php?rest_route=\/wp\/v2\/media\/269125"}],"wp:attachment":[{"href":"https:\/\/tarimhaber.com\/index.php?rest_route=%2Fwp%2Fv2%2Fmedia&parent=269124"}],"wp:term":[{"taxonomy":"category","embeddable":true,"href":"https:\/\/tarimhaber.com\/index.php?rest_route=%2Fwp%2Fv2%2Fcategories&post=269124"},{"taxonomy":"post_tag","embeddable":true,"href":"https:\/\/tarimhaber.com\/index.php?rest_route=%2Fwp%2Fv2%2Ftags&post=269124"}],"curies":[{"name":"wp","href":"https:\/\/api.w.org\/{rel}","templated":true}]}}