{"id":269201,"date":"2026-05-01T16:25:43","date_gmt":"2026-05-01T16:25:43","guid":{"rendered":"https:\/\/tarimhaber.com\/?p=269201"},"modified":"2026-05-01T16:25:43","modified_gmt":"2026-05-01T16:25:43","slug":"aydindaki-incekaya-cinayetinde-2-kardes-tutuklama","status":"publish","type":"post","link":"https:\/\/tarimhaber.com\/?p=269201","title":{"rendered":"Ayd\u0131n&apos;daki \u0130ncekaya cinayetinde 2 karde\u015f tutuklama"},"content":{"rendered":"<p>AYDIN&#8217;\u0131n Efeler il\u00e7esinde \u00d6mer \u0130ncekaya&#8217;n\u0131n (36) pompal\u0131 t\u00fcfekle \u00f6ld\u00fcr\u00fclmesine ili\u015fkin g\u00f6zalt\u0131na al\u0131nan 3 \u015f\u00fcpheliden Batuhan Demir (22) ve a\u011fabeyi O\u011fuzhan Demir (25), tutukland\u0131.<\/p>\n<p>Kaynak: <a href=\"https:\/\/www.haberler.com\/guncel\/aydin-daki-incekaya-cinayetinde-2-kardes-tutuklama-19796530-haberi\/\" target=\"_blank\" class=\"feedzy-rss-link-icon\">Read More<\/a><\/p>","protected":false},"excerpt":{"rendered":"<p>AYDIN&#8217;\u0131n Efeler il\u00e7esinde \u00d6mer \u0130ncekaya&#8217;n\u0131n (36) pompal\u0131 t\u00fcfekle \u00f6ld\u00fcr\u00fclmesine ili\u015fkin g\u00f6zalt\u0131na al\u0131nan 3 \u015f\u00fcpheliden Batuhan Demir (22) ve a\u011fabeyi O\u011fuzhan Demir (25), tutukland\u0131. Kaynak: Read More<\/p>\n","protected":false},"author":0,"featured_media":269202,"comment_status":"open","ping_status":"open","sticky":false,"template":"","format":"standard","meta":{"footnotes":""},"categories":[4200],"tags":[],"class_list":["post-269201","post","type-post","status-publish","format-standard","has-post-thumbnail","hentry","category-guncel-haberler"],"_links":{"self":[{"href":"https:\/\/tarimhaber.com\/index.php?rest_route=\/wp\/v2\/posts\/269201","targetHints":{"allow":["GET"]}}],"collection":[{"href":"https:\/\/tarimhaber.com\/index.php?rest_route=\/wp\/v2\/posts"}],"about":[{"href":"https:\/\/tarimhaber.com\/index.php?rest_route=\/wp\/v2\/types\/post"}],"replies":[{"embeddable":true,"href":"https:\/\/tarimhaber.com\/index.php?rest_route=%2Fwp%2Fv2%2Fcomments&post=269201"}],"version-history":[{"count":0,"href":"https:\/\/tarimhaber.com\/index.php?rest_route=\/wp\/v2\/posts\/269201\/revisions"}],"wp:featuredmedia":[{"embeddable":true,"href":"https:\/\/tarimhaber.com\/index.php?rest_route=\/wp\/v2\/media\/269202"}],"wp:attachment":[{"href":"https:\/\/tarimhaber.com\/index.php?rest_route=%2Fwp%2Fv2%2Fmedia&parent=269201"}],"wp:term":[{"taxonomy":"category","embeddable":true,"href":"https:\/\/tarimhaber.com\/index.php?rest_route=%2Fwp%2Fv2%2Fcategories&post=269201"},{"taxonomy":"post_tag","embeddable":true,"href":"https:\/\/tarimhaber.com\/index.php?rest_route=%2Fwp%2Fv2%2Ftags&post=269201"}],"curies":[{"name":"wp","href":"https:\/\/api.w.org\/{rel}","templated":true}]}}