{"id":269205,"date":"2026-05-01T16:25:45","date_gmt":"2026-05-01T16:25:45","guid":{"rendered":"https:\/\/tarimhaber.com\/?p=269205"},"modified":"2026-05-01T16:25:45","modified_gmt":"2026-05-01T16:25:45","slug":"boluda-mayis-ayinda-kar-yagisi","status":"publish","type":"post","link":"https:\/\/tarimhaber.com\/?p=269205","title":{"rendered":"Bolu&apos;da May\u0131s Ay\u0131nda Kar Ya\u011f\u0131\u015f\u0131"},"content":{"rendered":"<p>BOLU&#8217;da, hava s\u0131cakl\u0131klar\u0131n\u0131n aniden d\u00fc\u015fmesiyle kent merkezinde ya\u011fmur, y\u00fcksek kesimlerde ise kar ya\u011f\u0131\u015f\u0131 etkili oldu.<\/p>\n<p>Kaynak: <a href=\"https:\/\/www.haberler.com\/guncel\/bolu-nun-yukseklerinde-mayis-kari-19796526-haberi\/\" target=\"_blank\" class=\"feedzy-rss-link-icon\">Read More<\/a><\/p>","protected":false},"excerpt":{"rendered":"<p>BOLU&#8217;da, hava s\u0131cakl\u0131klar\u0131n\u0131n aniden d\u00fc\u015fmesiyle kent merkezinde ya\u011fmur, y\u00fcksek kesimlerde ise kar ya\u011f\u0131\u015f\u0131 etkili oldu. Kaynak: Read More<\/p>\n","protected":false},"author":0,"featured_media":269206,"comment_status":"open","ping_status":"open","sticky":false,"template":"","format":"standard","meta":{"footnotes":""},"categories":[4200],"tags":[],"class_list":["post-269205","post","type-post","status-publish","format-standard","has-post-thumbnail","hentry","category-guncel-haberler"],"_links":{"self":[{"href":"https:\/\/tarimhaber.com\/index.php?rest_route=\/wp\/v2\/posts\/269205","targetHints":{"allow":["GET"]}}],"collection":[{"href":"https:\/\/tarimhaber.com\/index.php?rest_route=\/wp\/v2\/posts"}],"about":[{"href":"https:\/\/tarimhaber.com\/index.php?rest_route=\/wp\/v2\/types\/post"}],"replies":[{"embeddable":true,"href":"https:\/\/tarimhaber.com\/index.php?rest_route=%2Fwp%2Fv2%2Fcomments&post=269205"}],"version-history":[{"count":0,"href":"https:\/\/tarimhaber.com\/index.php?rest_route=\/wp\/v2\/posts\/269205\/revisions"}],"wp:featuredmedia":[{"embeddable":true,"href":"https:\/\/tarimhaber.com\/index.php?rest_route=\/wp\/v2\/media\/269206"}],"wp:attachment":[{"href":"https:\/\/tarimhaber.com\/index.php?rest_route=%2Fwp%2Fv2%2Fmedia&parent=269205"}],"wp:term":[{"taxonomy":"category","embeddable":true,"href":"https:\/\/tarimhaber.com\/index.php?rest_route=%2Fwp%2Fv2%2Fcategories&post=269205"},{"taxonomy":"post_tag","embeddable":true,"href":"https:\/\/tarimhaber.com\/index.php?rest_route=%2Fwp%2Fv2%2Ftags&post=269205"}],"curies":[{"name":"wp","href":"https:\/\/api.w.org\/{rel}","templated":true}]}}