{"id":269214,"date":"2026-05-01T16:25:49","date_gmt":"2026-05-01T16:25:49","guid":{"rendered":"https:\/\/tarimhaber.com\/?p=269214"},"modified":"2026-05-01T16:25:49","modified_gmt":"2026-05-01T16:25:49","slug":"14-yasindaki-gizem-arkadasi-tarafindan-tufekle-olduruldu-2","status":"publish","type":"post","link":"https:\/\/tarimhaber.com\/?p=269214","title":{"rendered":"14 ya\u015f\u0131ndaki Gizem, arkada\u015f\u0131 taraf\u0131ndan t\u00fcfekle \u00f6ld\u00fcr\u00fcld\u00fc"},"content":{"rendered":"<p>TOPRA\u011eA VER\u0130LD\u0130Edirne&#8217;de tart\u0131\u015ft\u0131\u011f\u0131 arkada\u015f\u0131 A.\u00c7. (15), taraf\u0131ndan pompal\u0131 t\u00fcfekle vurularak \u00f6ld\u00fcr\u00fclen Gizem \u00d6zdemir i\u00e7in Bademlik Cami&#8217;nde ikindi namaz\u0131na m\u00fcteakip cenaze namaz\u0131 k\u0131l\u0131nd\u0131.<\/p>\n<p>Kaynak: <a href=\"https:\/\/www.haberler.com\/guncel\/14-yasindaki-gizem-arkadasi-tarafindan-tufekle-19796517-haberi\/\" target=\"_blank\" class=\"feedzy-rss-link-icon\">Read More<\/a><\/p>","protected":false},"excerpt":{"rendered":"<p>TOPRA\u011eA VER\u0130LD\u0130Edirne&#8217;de tart\u0131\u015ft\u0131\u011f\u0131 arkada\u015f\u0131 A.\u00c7. (15), taraf\u0131ndan pompal\u0131 t\u00fcfekle vurularak \u00f6ld\u00fcr\u00fclen Gizem \u00d6zdemir i\u00e7in Bademlik Cami&#8217;nde ikindi namaz\u0131na m\u00fcteakip cenaze namaz\u0131 k\u0131l\u0131nd\u0131. Kaynak: Read More<\/p>\n","protected":false},"author":0,"featured_media":0,"comment_status":"open","ping_status":"open","sticky":false,"template":"","format":"standard","meta":{"footnotes":""},"categories":[4200],"tags":[],"class_list":["post-269214","post","type-post","status-publish","format-standard","hentry","category-guncel-haberler"],"_links":{"self":[{"href":"https:\/\/tarimhaber.com\/index.php?rest_route=\/wp\/v2\/posts\/269214","targetHints":{"allow":["GET"]}}],"collection":[{"href":"https:\/\/tarimhaber.com\/index.php?rest_route=\/wp\/v2\/posts"}],"about":[{"href":"https:\/\/tarimhaber.com\/index.php?rest_route=\/wp\/v2\/types\/post"}],"replies":[{"embeddable":true,"href":"https:\/\/tarimhaber.com\/index.php?rest_route=%2Fwp%2Fv2%2Fcomments&post=269214"}],"version-history":[{"count":0,"href":"https:\/\/tarimhaber.com\/index.php?rest_route=\/wp\/v2\/posts\/269214\/revisions"}],"wp:attachment":[{"href":"https:\/\/tarimhaber.com\/index.php?rest_route=%2Fwp%2Fv2%2Fmedia&parent=269214"}],"wp:term":[{"taxonomy":"category","embeddable":true,"href":"https:\/\/tarimhaber.com\/index.php?rest_route=%2Fwp%2Fv2%2Fcategories&post=269214"},{"taxonomy":"post_tag","embeddable":true,"href":"https:\/\/tarimhaber.com\/index.php?rest_route=%2Fwp%2Fv2%2Ftags&post=269214"}],"curies":[{"name":"wp","href":"https:\/\/api.w.org\/{rel}","templated":true}]}}