{"id":269226,"date":"2026-05-01T17:25:49","date_gmt":"2026-05-01T17:25:49","guid":{"rendered":"http:\/\/tarimhaber.com\/?p=269226"},"modified":"2026-05-01T17:25:49","modified_gmt":"2026-05-01T17:25:49","slug":"yaren-leylek-15-kez-geldi-baba-oldu","status":"publish","type":"post","link":"https:\/\/tarimhaber.com\/?p=269226","title":{"rendered":"Yaren Leylek 15. Kez Geldi, Baba Oldu"},"content":{"rendered":"<p>BURSA&#8217;da ya\u015fayan bal\u0131k\u00e7\u0131 Adem Y\u0131lmaz (70) ile dostlu\u011fu filme konu olan ve 15&#8217;nci kez Eskikaraa\u011fa\u00e7 Leylek K\u00f6y\u00fc&#8217;ne gelen Yaren leylek baba oldu.<\/p>\n<p>Kaynak: <a href=\"https:\/\/www.haberler.com\/guncel\/gocten-15-nci-kez-gelen-yaren-leylek-baba-oldu-19796584-haberi\/\" target=\"_blank\" class=\"feedzy-rss-link-icon\">Read More<\/a><\/p>","protected":false},"excerpt":{"rendered":"<p>BURSA&#8217;da ya\u015fayan bal\u0131k\u00e7\u0131 Adem Y\u0131lmaz (70) ile dostlu\u011fu filme konu olan ve 15&#8217;nci kez Eskikaraa\u011fa\u00e7 Leylek K\u00f6y\u00fc&#8217;ne gelen Yaren leylek baba oldu. Kaynak: Read More<\/p>\n","protected":false},"author":0,"featured_media":0,"comment_status":"open","ping_status":"open","sticky":false,"template":"","format":"standard","meta":{"footnotes":""},"categories":[4200],"tags":[],"class_list":["post-269226","post","type-post","status-publish","format-standard","hentry","category-guncel-haberler"],"_links":{"self":[{"href":"https:\/\/tarimhaber.com\/index.php?rest_route=\/wp\/v2\/posts\/269226","targetHints":{"allow":["GET"]}}],"collection":[{"href":"https:\/\/tarimhaber.com\/index.php?rest_route=\/wp\/v2\/posts"}],"about":[{"href":"https:\/\/tarimhaber.com\/index.php?rest_route=\/wp\/v2\/types\/post"}],"replies":[{"embeddable":true,"href":"https:\/\/tarimhaber.com\/index.php?rest_route=%2Fwp%2Fv2%2Fcomments&post=269226"}],"version-history":[{"count":0,"href":"https:\/\/tarimhaber.com\/index.php?rest_route=\/wp\/v2\/posts\/269226\/revisions"}],"wp:attachment":[{"href":"https:\/\/tarimhaber.com\/index.php?rest_route=%2Fwp%2Fv2%2Fmedia&parent=269226"}],"wp:term":[{"taxonomy":"category","embeddable":true,"href":"https:\/\/tarimhaber.com\/index.php?rest_route=%2Fwp%2Fv2%2Fcategories&post=269226"},{"taxonomy":"post_tag","embeddable":true,"href":"https:\/\/tarimhaber.com\/index.php?rest_route=%2Fwp%2Fv2%2Ftags&post=269226"}],"curies":[{"name":"wp","href":"https:\/\/api.w.org\/{rel}","templated":true}]}}