{"id":269252,"date":"2026-05-01T18:26:03","date_gmt":"2026-05-01T18:26:03","guid":{"rendered":"https:\/\/tarimhaber.com\/?p=269252"},"modified":"2026-05-01T18:26:03","modified_gmt":"2026-05-01T18:26:03","slug":"israilin-uluslararasi-sularda-kuresel-sumud-filosuna-saldirisinda-31-aktivist-yaralandi","status":"publish","type":"post","link":"https:\/\/tarimhaber.com\/?p=269252","title":{"rendered":"\u0130srail&apos;in uluslararas\u0131 sularda K\u00fcresel Sumud Filosu&apos;na sald\u0131r\u0131s\u0131nda 31 aktivist yaraland\u0131"},"content":{"rendered":"<p>Gazze&#8217;ye insani yard\u0131m ula\u015ft\u0131rmak ve ablukay\u0131 k\u0131rmak amac\u0131yla yola \u00e7\u0131kan K\u00fcresel Sumud Filosu&#8217;na y\u00f6nelik \u0130srail&#8217;in yasa d\u0131\u015f\u0131 m\u00fcdahalesinde 31 aktivistin yaraland\u0131\u011f\u0131 bildirildi.<\/p>\n<p>Kaynak: <a href=\"https:\/\/www.haberler.com\/guncel\/israil-in-uluslararasi-sularda-kuresel-sumud-19796644-haberi\/\" target=\"_blank\" class=\"feedzy-rss-link-icon\">Read More<\/a><\/p>","protected":false},"excerpt":{"rendered":"<p>Gazze&#8217;ye insani yard\u0131m ula\u015ft\u0131rmak ve ablukay\u0131 k\u0131rmak amac\u0131yla yola \u00e7\u0131kan K\u00fcresel Sumud Filosu&#8217;na y\u00f6nelik \u0130srail&#8217;in yasa d\u0131\u015f\u0131 m\u00fcdahalesinde 31 aktivistin yaraland\u0131\u011f\u0131 bildirildi. Kaynak: Read More<\/p>\n","protected":false},"author":0,"featured_media":0,"comment_status":"open","ping_status":"open","sticky":false,"template":"","format":"standard","meta":{"footnotes":""},"categories":[4200],"tags":[],"class_list":["post-269252","post","type-post","status-publish","format-standard","hentry","category-guncel-haberler"],"_links":{"self":[{"href":"https:\/\/tarimhaber.com\/index.php?rest_route=\/wp\/v2\/posts\/269252","targetHints":{"allow":["GET"]}}],"collection":[{"href":"https:\/\/tarimhaber.com\/index.php?rest_route=\/wp\/v2\/posts"}],"about":[{"href":"https:\/\/tarimhaber.com\/index.php?rest_route=\/wp\/v2\/types\/post"}],"replies":[{"embeddable":true,"href":"https:\/\/tarimhaber.com\/index.php?rest_route=%2Fwp%2Fv2%2Fcomments&post=269252"}],"version-history":[{"count":0,"href":"https:\/\/tarimhaber.com\/index.php?rest_route=\/wp\/v2\/posts\/269252\/revisions"}],"wp:attachment":[{"href":"https:\/\/tarimhaber.com\/index.php?rest_route=%2Fwp%2Fv2%2Fmedia&parent=269252"}],"wp:term":[{"taxonomy":"category","embeddable":true,"href":"https:\/\/tarimhaber.com\/index.php?rest_route=%2Fwp%2Fv2%2Fcategories&post=269252"},{"taxonomy":"post_tag","embeddable":true,"href":"https:\/\/tarimhaber.com\/index.php?rest_route=%2Fwp%2Fv2%2Ftags&post=269252"}],"curies":[{"name":"wp","href":"https:\/\/api.w.org\/{rel}","templated":true}]}}