{"id":269261,"date":"2026-05-01T19:26:28","date_gmt":"2026-05-01T19:26:28","guid":{"rendered":"https:\/\/tarimhaber.com\/?p=269261"},"modified":"2026-05-01T19:26:28","modified_gmt":"2026-05-01T19:26:28","slug":"empati-ve-sosyal-beceriler-dersine-kim-girecek","status":"publish","type":"post","link":"https:\/\/tarimhaber.com\/?p=269261","title":{"rendered":"Empati ve Sosyal Beceriler dersine kim girecek?"},"content":{"rendered":"<p>TBMM\u2019de haz\u0131rlanan akran zorbal\u0131\u011f\u0131yla m\u00fccadele raporu, okullarda g\u00fcvenli\u011fi art\u0131rmaya y\u00f6nelik geni\u015f kapsaml\u0131 ad\u0131mlar i\u00e7eriyor. \u201cAlo Zorbal\u0131k Hatt\u0131\u201d, dijital imdat butonu, art\u0131r\u0131lm\u0131\u015f g\u00fcvenlik \u00f6nlemleri ve yeni ders uygulamas\u0131 plan\u0131n dikkat \u00e7eken ba\u015fl\u0131klar\u0131 aras\u0131nda yer al\u0131yor. Empati ve Sosyal Beceriler dersine kim girecek? M\u00fcfredata eklenecek \u201cEmpati ve Sosyal Beceriler\u201d dersi ile ilgili detaylar yak\u0131ndan takip ediliyor.<\/p>\n<p>Kaynak: <a href=\"https:\/\/www.haberler.com\/haber\/empati-ve-sosyal-beceriler-dersine-kim-girecek-19796718-haberi\/\" target=\"_blank\" class=\"feedzy-rss-link-icon\">Read More<\/a><\/p>","protected":false},"excerpt":{"rendered":"<p>TBMM\u2019de haz\u0131rlanan akran zorbal\u0131\u011f\u0131yla m\u00fccadele raporu, okullarda g\u00fcvenli\u011fi art\u0131rmaya y\u00f6nelik geni\u015f kapsaml\u0131 ad\u0131mlar i\u00e7eriyor. \u201cAlo Zorbal\u0131k Hatt\u0131\u201d, dijital imdat butonu, art\u0131r\u0131lm\u0131\u015f g\u00fcvenlik \u00f6nlemleri ve yeni ders uygulamas\u0131 plan\u0131n dikkat \u00e7eken&hellip;<\/p>\n","protected":false},"author":0,"featured_media":269262,"comment_status":"open","ping_status":"open","sticky":false,"template":"","format":"standard","meta":{"footnotes":""},"categories":[4200],"tags":[],"class_list":["post-269261","post","type-post","status-publish","format-standard","has-post-thumbnail","hentry","category-guncel-haberler"],"_links":{"self":[{"href":"https:\/\/tarimhaber.com\/index.php?rest_route=\/wp\/v2\/posts\/269261","targetHints":{"allow":["GET"]}}],"collection":[{"href":"https:\/\/tarimhaber.com\/index.php?rest_route=\/wp\/v2\/posts"}],"about":[{"href":"https:\/\/tarimhaber.com\/index.php?rest_route=\/wp\/v2\/types\/post"}],"replies":[{"embeddable":true,"href":"https:\/\/tarimhaber.com\/index.php?rest_route=%2Fwp%2Fv2%2Fcomments&post=269261"}],"version-history":[{"count":0,"href":"https:\/\/tarimhaber.com\/index.php?rest_route=\/wp\/v2\/posts\/269261\/revisions"}],"wp:featuredmedia":[{"embeddable":true,"href":"https:\/\/tarimhaber.com\/index.php?rest_route=\/wp\/v2\/media\/269262"}],"wp:attachment":[{"href":"https:\/\/tarimhaber.com\/index.php?rest_route=%2Fwp%2Fv2%2Fmedia&parent=269261"}],"wp:term":[{"taxonomy":"category","embeddable":true,"href":"https:\/\/tarimhaber.com\/index.php?rest_route=%2Fwp%2Fv2%2Fcategories&post=269261"},{"taxonomy":"post_tag","embeddable":true,"href":"https:\/\/tarimhaber.com\/index.php?rest_route=%2Fwp%2Fv2%2Ftags&post=269261"}],"curies":[{"name":"wp","href":"https:\/\/api.w.org\/{rel}","templated":true}]}}