{"id":269283,"date":"2026-05-01T20:25:32","date_gmt":"2026-05-01T20:25:32","guid":{"rendered":"https:\/\/tarimhaber.com\/?p=269283"},"modified":"2026-05-01T20:25:32","modified_gmt":"2026-05-01T20:25:32","slug":"iran-dini-lideri-mucteba-hamaney-dusmanlar-ekonomik-alanda-da-umutsuzluga-dusmeli","status":"publish","type":"post","link":"https:\/\/tarimhaber.com\/?p=269283","title":{"rendered":"\u0130ran dini lideri M\u00fccteba Hamaney: D\u00fc\u015fmanlar ekonomik alanda da umutsuzlu\u011fa d\u00fc\u015fmeli"},"content":{"rendered":"<p>\u0130ran\u2019\u0131n Pakistan arac\u0131l\u0131\u011f\u0131yla sundu\u011fu &#8220;nihai m\u00fczakere&#8221; tasla\u011f\u0131na ABD Ba\u015fkan\u0131 Donald Trump\u2019tan &#8216;tatmin olmad\u0131m&#8217; yan\u0131t\u0131 geldi. Trump\u2019\u0131n &#8220;Onlar\u0131 yok etmemeyi tercih ederim&#8221; \u00e7\u0131k\u0131\u015f\u0131n\u0131n ard\u0131ndan  1 May\u0131s vesilesiyle bir mesaj yay\u0131mlayan \u0130ran dini lideri M\u00fccteba Hamaney, askeri ba\u015far\u0131lardan sonra \u015fimdi de ekonomik ve k\u00fclt\u00fcrel sahada d\u00fc\u015fmanlar\u0131n\u0131 yenilgiye u\u011fratacaklar\u0131n\u0131 ilan etti.<\/p>\n<p>Kaynak: <a href=\"https:\/\/www.haberler.com\/haberler\/iran-dini-lideri-mucteba-hamaney-dusmanlar-19796770-haberi\/\" target=\"_blank\" class=\"feedzy-rss-link-icon\">Read More<\/a><\/p>","protected":false},"excerpt":{"rendered":"<p>\u0130ran\u2019\u0131n Pakistan arac\u0131l\u0131\u011f\u0131yla sundu\u011fu &#8220;nihai m\u00fczakere&#8221; tasla\u011f\u0131na ABD Ba\u015fkan\u0131 Donald Trump\u2019tan &#8216;tatmin olmad\u0131m&#8217; yan\u0131t\u0131 geldi. Trump\u2019\u0131n &#8220;Onlar\u0131 yok etmemeyi tercih ederim&#8221; \u00e7\u0131k\u0131\u015f\u0131n\u0131n ard\u0131ndan 1 May\u0131s vesilesiyle bir mesaj yay\u0131mlayan \u0130ran&hellip;<\/p>\n","protected":false},"author":0,"featured_media":269284,"comment_status":"open","ping_status":"open","sticky":false,"template":"","format":"standard","meta":{"footnotes":""},"categories":[4200],"tags":[],"class_list":["post-269283","post","type-post","status-publish","format-standard","has-post-thumbnail","hentry","category-guncel-haberler"],"_links":{"self":[{"href":"https:\/\/tarimhaber.com\/index.php?rest_route=\/wp\/v2\/posts\/269283","targetHints":{"allow":["GET"]}}],"collection":[{"href":"https:\/\/tarimhaber.com\/index.php?rest_route=\/wp\/v2\/posts"}],"about":[{"href":"https:\/\/tarimhaber.com\/index.php?rest_route=\/wp\/v2\/types\/post"}],"replies":[{"embeddable":true,"href":"https:\/\/tarimhaber.com\/index.php?rest_route=%2Fwp%2Fv2%2Fcomments&post=269283"}],"version-history":[{"count":0,"href":"https:\/\/tarimhaber.com\/index.php?rest_route=\/wp\/v2\/posts\/269283\/revisions"}],"wp:featuredmedia":[{"embeddable":true,"href":"https:\/\/tarimhaber.com\/index.php?rest_route=\/wp\/v2\/media\/269284"}],"wp:attachment":[{"href":"https:\/\/tarimhaber.com\/index.php?rest_route=%2Fwp%2Fv2%2Fmedia&parent=269283"}],"wp:term":[{"taxonomy":"category","embeddable":true,"href":"https:\/\/tarimhaber.com\/index.php?rest_route=%2Fwp%2Fv2%2Fcategories&post=269283"},{"taxonomy":"post_tag","embeddable":true,"href":"https:\/\/tarimhaber.com\/index.php?rest_route=%2Fwp%2Fv2%2Ftags&post=269283"}],"curies":[{"name":"wp","href":"https:\/\/api.w.org\/{rel}","templated":true}]}}