{"id":269285,"date":"2026-05-01T20:25:34","date_gmt":"2026-05-01T20:25:34","guid":{"rendered":"https:\/\/tarimhaber.com\/?p=269285"},"modified":"2026-05-01T20:25:34","modified_gmt":"2026-05-01T20:25:34","slug":"2-3-mayis-2026-istanbul-hava-durumu-yarin-istanbulda-hava-nasil-olacak-kar-yagisi-var-mi","status":"publish","type":"post","link":"https:\/\/tarimhaber.com\/?p=269285","title":{"rendered":"2-3 May\u0131s 2026 \u0130stanbul HAVA DURUMU! Yar\u0131n \u0130stanbul&apos;da hava nas\u0131l olacak, kar ya\u011f\u0131\u015f\u0131 var m\u0131?"},"content":{"rendered":"<p>2 May\u0131s \u0130stanbul hava durumu son dakika! MGM taraf\u0131ndan 15 g\u00fcnl\u00fck ve 30 g\u00fcnl\u00fck \u0130stanbul hava durumu son dakika tahmin raporu payla\u015f\u0131ld\u0131. 5 g\u00fcnl\u00fck hava durumu tahminleri Meteoroloji Genel M\u00fcd\u00fcrl\u00fc\u011f\u00fc taraf\u0131ndan payla\u015f\u0131l\u0131yor. Peki, \u0130stanbul&#8217;da hava durumu yar\u0131n nas\u0131l, ka\u00e7 derece, bulutlu mu, g\u00fcne\u015fli mi merak ediliyor. 2 May\u0131s \u0130stanbul hava durumu! \u0130stanbul&#8217;da yar\u0131n ya\u011f\u0131\u015f bekleniyor mu ara\u015ft\u0131r\u0131l\u0131yor. \u0130\u015fte \u0130stanbul saatlik hava durumu!<\/p>\n<p>Kaynak: <a href=\"https:\/\/www.haberler.com\/haber\/2-3-mayis-2026-istanbul-hava-durumu-yarin-19796768-haberi\/\" target=\"_blank\" class=\"feedzy-rss-link-icon\">Read More<\/a><\/p>","protected":false},"excerpt":{"rendered":"<p>2 May\u0131s \u0130stanbul hava durumu son dakika! MGM taraf\u0131ndan 15 g\u00fcnl\u00fck ve 30 g\u00fcnl\u00fck \u0130stanbul hava durumu son dakika tahmin raporu payla\u015f\u0131ld\u0131. 5 g\u00fcnl\u00fck hava durumu tahminleri Meteoroloji Genel M\u00fcd\u00fcrl\u00fc\u011f\u00fc&hellip;<\/p>\n","protected":false},"author":0,"featured_media":269286,"comment_status":"open","ping_status":"open","sticky":false,"template":"","format":"standard","meta":{"footnotes":""},"categories":[4200],"tags":[],"class_list":["post-269285","post","type-post","status-publish","format-standard","has-post-thumbnail","hentry","category-guncel-haberler"],"_links":{"self":[{"href":"https:\/\/tarimhaber.com\/index.php?rest_route=\/wp\/v2\/posts\/269285","targetHints":{"allow":["GET"]}}],"collection":[{"href":"https:\/\/tarimhaber.com\/index.php?rest_route=\/wp\/v2\/posts"}],"about":[{"href":"https:\/\/tarimhaber.com\/index.php?rest_route=\/wp\/v2\/types\/post"}],"replies":[{"embeddable":true,"href":"https:\/\/tarimhaber.com\/index.php?rest_route=%2Fwp%2Fv2%2Fcomments&post=269285"}],"version-history":[{"count":0,"href":"https:\/\/tarimhaber.com\/index.php?rest_route=\/wp\/v2\/posts\/269285\/revisions"}],"wp:featuredmedia":[{"embeddable":true,"href":"https:\/\/tarimhaber.com\/index.php?rest_route=\/wp\/v2\/media\/269286"}],"wp:attachment":[{"href":"https:\/\/tarimhaber.com\/index.php?rest_route=%2Fwp%2Fv2%2Fmedia&parent=269285"}],"wp:term":[{"taxonomy":"category","embeddable":true,"href":"https:\/\/tarimhaber.com\/index.php?rest_route=%2Fwp%2Fv2%2Fcategories&post=269285"},{"taxonomy":"post_tag","embeddable":true,"href":"https:\/\/tarimhaber.com\/index.php?rest_route=%2Fwp%2Fv2%2Ftags&post=269285"}],"curies":[{"name":"wp","href":"https:\/\/api.w.org\/{rel}","templated":true}]}}