{"id":269306,"date":"2026-05-01T21:25:35","date_gmt":"2026-05-01T21:25:35","guid":{"rendered":"http:\/\/tarimhaber.com\/?p=269306"},"modified":"2026-05-01T21:25:35","modified_gmt":"2026-05-01T21:25:35","slug":"destici-pkknin-talepleri-devlete-rest-cekmektir","status":"publish","type":"post","link":"https:\/\/tarimhaber.com\/?p=269306","title":{"rendered":"Destici: PKK&apos;n\u0131n talepleri devlete rest \u00e7ekmektir"},"content":{"rendered":"<p>B\u00fcy\u00fck Birlik Partisi Genel Ba\u015fkan\u0131 Mustafa Destici, PKK y\u00f6neticisi Murat Karay\u0131lan\u2019\u0131n &#8220;yasal g\u00fcvence olmadan silah b\u0131rakman\u0131n ak\u0131l d\u0131\u015f\u0131 oldu\u011fu&#8221; y\u00f6n\u00fcndeki a\u00e7\u0131klamalar\u0131na tepki g\u00f6sterdi. Destici, \u00f6rg\u00fct\u00fcn yasal g\u00fcvence, genel af ve kayyumlar\u0131n kald\u0131r\u0131lmas\u0131 gibi taleplerle devlete &#8220;rest \u00e7ekmeye&#8221; \u00e7al\u0131\u015ft\u0131\u011f\u0131n\u0131 belirterek, &#8220;Bu bir uzla\u015f\u0131 aray\u0131\u015f\u0131 de\u011fil, a\u00e7\u0131k bir zaman kazanma ve me\u015fruiyet dev\u015firme operasyonudur&#8221; dedi.<\/p>\n<p>Kaynak: <a href=\"https:\/\/www.haberler.com\/guncel\/destici-den-karayilan-in-aciklamalarina-tepki-19796808-haberi\/\" target=\"_blank\" class=\"feedzy-rss-link-icon\">Read More<\/a><\/p>","protected":false},"excerpt":{"rendered":"<p>B\u00fcy\u00fck Birlik Partisi Genel Ba\u015fkan\u0131 Mustafa Destici, PKK y\u00f6neticisi Murat Karay\u0131lan\u2019\u0131n &#8220;yasal g\u00fcvence olmadan silah b\u0131rakman\u0131n ak\u0131l d\u0131\u015f\u0131 oldu\u011fu&#8221; y\u00f6n\u00fcndeki a\u00e7\u0131klamalar\u0131na tepki g\u00f6sterdi. Destici, \u00f6rg\u00fct\u00fcn yasal g\u00fcvence, genel af ve&hellip;<\/p>\n","protected":false},"author":0,"featured_media":0,"comment_status":"open","ping_status":"open","sticky":false,"template":"","format":"standard","meta":{"footnotes":""},"categories":[4200],"tags":[],"class_list":["post-269306","post","type-post","status-publish","format-standard","hentry","category-guncel-haberler"],"_links":{"self":[{"href":"https:\/\/tarimhaber.com\/index.php?rest_route=\/wp\/v2\/posts\/269306","targetHints":{"allow":["GET"]}}],"collection":[{"href":"https:\/\/tarimhaber.com\/index.php?rest_route=\/wp\/v2\/posts"}],"about":[{"href":"https:\/\/tarimhaber.com\/index.php?rest_route=\/wp\/v2\/types\/post"}],"replies":[{"embeddable":true,"href":"https:\/\/tarimhaber.com\/index.php?rest_route=%2Fwp%2Fv2%2Fcomments&post=269306"}],"version-history":[{"count":0,"href":"https:\/\/tarimhaber.com\/index.php?rest_route=\/wp\/v2\/posts\/269306\/revisions"}],"wp:attachment":[{"href":"https:\/\/tarimhaber.com\/index.php?rest_route=%2Fwp%2Fv2%2Fmedia&parent=269306"}],"wp:term":[{"taxonomy":"category","embeddable":true,"href":"https:\/\/tarimhaber.com\/index.php?rest_route=%2Fwp%2Fv2%2Fcategories&post=269306"},{"taxonomy":"post_tag","embeddable":true,"href":"https:\/\/tarimhaber.com\/index.php?rest_route=%2Fwp%2Fv2%2Ftags&post=269306"}],"curies":[{"name":"wp","href":"https:\/\/api.w.org\/{rel}","templated":true}]}}