{"id":269307,"date":"2026-05-01T21:25:35","date_gmt":"2026-05-01T21:25:35","guid":{"rendered":"http:\/\/tarimhaber.com\/?p=269307"},"modified":"2026-05-01T21:25:35","modified_gmt":"2026-05-01T21:25:35","slug":"25-afyonkarahisar-klasik-muzik-festivalinde-cekyali-grup-konser-verdi","status":"publish","type":"post","link":"https:\/\/tarimhaber.com\/?p=269307","title":{"rendered":"25. Afyonkarahisar Klasik M\u00fczik Festivali&apos;nde \u00c7ekyal\u0131 grup konser verdi"},"content":{"rendered":"<p>25. Afyonkarahisar Klasik M\u00fczik Festivali&#8217;nin d\u00f6rd\u00fcnc\u00fc g\u00fcn\u00fcnde &#8220;Prag Yayl\u0131 \u00c7alg\u0131lar Be\u015flisi&#8221; sahne ald\u0131.<\/p>\n<p>Kaynak: <a href=\"https:\/\/www.haberler.com\/guncel\/25-afyonkarahisar-klasik-muzik-festivali-nde-19796807-haberi\/\" target=\"_blank\" class=\"feedzy-rss-link-icon\">Read More<\/a><\/p>","protected":false},"excerpt":{"rendered":"<p>25. Afyonkarahisar Klasik M\u00fczik Festivali&#8217;nin d\u00f6rd\u00fcnc\u00fc g\u00fcn\u00fcnde &#8220;Prag Yayl\u0131 \u00c7alg\u0131lar Be\u015flisi&#8221; sahne ald\u0131. Kaynak: Read More<\/p>\n","protected":false},"author":0,"featured_media":0,"comment_status":"open","ping_status":"open","sticky":false,"template":"","format":"standard","meta":{"footnotes":""},"categories":[4200],"tags":[],"class_list":["post-269307","post","type-post","status-publish","format-standard","hentry","category-guncel-haberler"],"_links":{"self":[{"href":"https:\/\/tarimhaber.com\/index.php?rest_route=\/wp\/v2\/posts\/269307","targetHints":{"allow":["GET"]}}],"collection":[{"href":"https:\/\/tarimhaber.com\/index.php?rest_route=\/wp\/v2\/posts"}],"about":[{"href":"https:\/\/tarimhaber.com\/index.php?rest_route=\/wp\/v2\/types\/post"}],"replies":[{"embeddable":true,"href":"https:\/\/tarimhaber.com\/index.php?rest_route=%2Fwp%2Fv2%2Fcomments&post=269307"}],"version-history":[{"count":0,"href":"https:\/\/tarimhaber.com\/index.php?rest_route=\/wp\/v2\/posts\/269307\/revisions"}],"wp:attachment":[{"href":"https:\/\/tarimhaber.com\/index.php?rest_route=%2Fwp%2Fv2%2Fmedia&parent=269307"}],"wp:term":[{"taxonomy":"category","embeddable":true,"href":"https:\/\/tarimhaber.com\/index.php?rest_route=%2Fwp%2Fv2%2Fcategories&post=269307"},{"taxonomy":"post_tag","embeddable":true,"href":"https:\/\/tarimhaber.com\/index.php?rest_route=%2Fwp%2Fv2%2Ftags&post=269307"}],"curies":[{"name":"wp","href":"https:\/\/api.w.org\/{rel}","templated":true}]}}