{"id":269313,"date":"2026-05-01T21:25:38","date_gmt":"2026-05-01T21:25:38","guid":{"rendered":"http:\/\/tarimhaber.com\/?p=269313"},"modified":"2026-05-01T21:25:38","modified_gmt":"2026-05-01T21:25:38","slug":"anzer-yaylasinda-ac-ayilar-evleri-harabeye-cevirdi","status":"publish","type":"post","link":"https:\/\/tarimhaber.com\/?p=269313","title":{"rendered":"Anzer Yaylas\u0131&apos;nda a\u00e7 ay\u0131lar evleri harabeye \u00e7evirdi"},"content":{"rendered":"<p>Rize\u2019nin \u0130kizdere il\u00e7esinde bulunan d\u00fcnyaca \u00fcnl\u00fc Anzer Yaylas\u0131\u2019nda, k\u0131\u015f uykusundan uyanan ay\u0131lar\u0131n yiyecek aray\u0131\u015f\u0131 yerle\u015fim yerlerinde b\u00fcy\u00fck \u00e7apl\u0131 tahribata yol a\u00e7t\u0131. Karlar\u0131n erimesiyle yaylaya \u00e7\u0131kan m\u00fclk sahipleri, \u00e7elik kap\u0131lar\u0131n par\u00e7aland\u0131\u011f\u0131 ve pencerelerin s\u00f6k\u00fcld\u00fc\u011f\u00fc yakla\u015f\u0131k 10 evin i\u00e7erisindeki manzara kar\u015f\u0131s\u0131nda b\u00fcy\u00fck \u015fok ya\u015farken; b\u00f6lgedeki y\u0131k\u0131m\u0131n boyutu m\u00fclk sahipleri taraf\u0131ndan &#8220;sanki deprem olmu\u015f gibi&#8221; s\u00f6zleriyle tan\u0131mland\u0131.<\/p>\n<p>Kaynak: <a href=\"https:\/\/www.haberler.com\/haberler\/anzer-yaylasinda-ac-ayilar-evleri-harabeye-cevirdi-19796796-haberi\/\" target=\"_blank\" class=\"feedzy-rss-link-icon\">Read More<\/a><\/p>","protected":false},"excerpt":{"rendered":"<p>Rize\u2019nin \u0130kizdere il\u00e7esinde bulunan d\u00fcnyaca \u00fcnl\u00fc Anzer Yaylas\u0131\u2019nda, k\u0131\u015f uykusundan uyanan ay\u0131lar\u0131n yiyecek aray\u0131\u015f\u0131 yerle\u015fim yerlerinde b\u00fcy\u00fck \u00e7apl\u0131 tahribata yol a\u00e7t\u0131. Karlar\u0131n erimesiyle yaylaya \u00e7\u0131kan m\u00fclk sahipleri, \u00e7elik kap\u0131lar\u0131n par\u00e7aland\u0131\u011f\u0131&hellip;<\/p>\n","protected":false},"author":0,"featured_media":269314,"comment_status":"open","ping_status":"open","sticky":false,"template":"","format":"standard","meta":{"footnotes":""},"categories":[4200],"tags":[],"class_list":["post-269313","post","type-post","status-publish","format-standard","has-post-thumbnail","hentry","category-guncel-haberler"],"_links":{"self":[{"href":"https:\/\/tarimhaber.com\/index.php?rest_route=\/wp\/v2\/posts\/269313","targetHints":{"allow":["GET"]}}],"collection":[{"href":"https:\/\/tarimhaber.com\/index.php?rest_route=\/wp\/v2\/posts"}],"about":[{"href":"https:\/\/tarimhaber.com\/index.php?rest_route=\/wp\/v2\/types\/post"}],"replies":[{"embeddable":true,"href":"https:\/\/tarimhaber.com\/index.php?rest_route=%2Fwp%2Fv2%2Fcomments&post=269313"}],"version-history":[{"count":0,"href":"https:\/\/tarimhaber.com\/index.php?rest_route=\/wp\/v2\/posts\/269313\/revisions"}],"wp:featuredmedia":[{"embeddable":true,"href":"https:\/\/tarimhaber.com\/index.php?rest_route=\/wp\/v2\/media\/269314"}],"wp:attachment":[{"href":"https:\/\/tarimhaber.com\/index.php?rest_route=%2Fwp%2Fv2%2Fmedia&parent=269313"}],"wp:term":[{"taxonomy":"category","embeddable":true,"href":"https:\/\/tarimhaber.com\/index.php?rest_route=%2Fwp%2Fv2%2Fcategories&post=269313"},{"taxonomy":"post_tag","embeddable":true,"href":"https:\/\/tarimhaber.com\/index.php?rest_route=%2Fwp%2Fv2%2Ftags&post=269313"}],"curies":[{"name":"wp","href":"https:\/\/api.w.org\/{rel}","templated":true}]}}