{"id":269328,"date":"2026-05-01T22:26:03","date_gmt":"2026-05-01T22:26:03","guid":{"rendered":"http:\/\/tarimhaber.com\/?p=269328"},"modified":"2026-05-01T22:26:03","modified_gmt":"2026-05-01T22:26:03","slug":"aile-ve-nufus-on-yili-konulu-genelge-resmi-gazetede","status":"publish","type":"post","link":"https:\/\/tarimhaber.com\/?p=269328","title":{"rendered":"Aile ve N\u00fcfus On Y\u0131l\u0131 konulu genelge Resmi Gazete&apos;de"},"content":{"rendered":"<p>&#8220;G\u00fcn\u00fcm\u00fczde demografik yap\u0131m\u0131zda, medeni durum, hane b\u00fcy\u00fckl\u00fc\u011f\u00fc, ya\u015f profili ve mekansal da\u011f\u0131l\u0131m boyutlar\u0131yla belirgin bir d\u00f6n\u00fc\u015f\u00fcm ya\u015fanmaktad\u0131r&#8221;<br \/>\n&#8211; &#8220;Evlilik m\u00fcessesesinin toplumsal itibar\u0131 korunacak, evliliklerin sa\u011flam temeller \u00fczerine in\u015fa edilmesi ve nitelikli bir bi\u00e7imde s\u00fcrd\u00fcr\u00fclmesi, gen\u00e7 yeti\u015fkinlerin evlili\u011fe te\u015fvik edilmesi ve evlili\u011fin kolayla\u015ft\u0131r\u0131lmas\u0131na y\u00f6nelik mekanizmalar g\u00fc\u00e7lendirilecektir&#8221;<\/p>\n<p>Kaynak: <a href=\"https:\/\/www.haberler.com\/guncel\/aile-ve-nufus-on-yili-konulu-genelge-resmi-gazete-19796847-haberi\/\" target=\"_blank\" class=\"feedzy-rss-link-icon\">Read More<\/a><\/p>","protected":false},"excerpt":{"rendered":"<p>&#8220;G\u00fcn\u00fcm\u00fczde demografik yap\u0131m\u0131zda, medeni durum, hane b\u00fcy\u00fckl\u00fc\u011f\u00fc, ya\u015f profili ve mekansal da\u011f\u0131l\u0131m boyutlar\u0131yla belirgin bir d\u00f6n\u00fc\u015f\u00fcm ya\u015fanmaktad\u0131r&#8221; &#8211; &#8220;Evlilik m\u00fcessesesinin toplumsal itibar\u0131 korunacak, evliliklerin sa\u011flam temeller \u00fczerine in\u015fa edilmesi ve&hellip;<\/p>\n","protected":false},"author":0,"featured_media":0,"comment_status":"open","ping_status":"open","sticky":false,"template":"","format":"standard","meta":{"footnotes":""},"categories":[4200],"tags":[],"class_list":["post-269328","post","type-post","status-publish","format-standard","hentry","category-guncel-haberler"],"_links":{"self":[{"href":"https:\/\/tarimhaber.com\/index.php?rest_route=\/wp\/v2\/posts\/269328","targetHints":{"allow":["GET"]}}],"collection":[{"href":"https:\/\/tarimhaber.com\/index.php?rest_route=\/wp\/v2\/posts"}],"about":[{"href":"https:\/\/tarimhaber.com\/index.php?rest_route=\/wp\/v2\/types\/post"}],"replies":[{"embeddable":true,"href":"https:\/\/tarimhaber.com\/index.php?rest_route=%2Fwp%2Fv2%2Fcomments&post=269328"}],"version-history":[{"count":0,"href":"https:\/\/tarimhaber.com\/index.php?rest_route=\/wp\/v2\/posts\/269328\/revisions"}],"wp:attachment":[{"href":"https:\/\/tarimhaber.com\/index.php?rest_route=%2Fwp%2Fv2%2Fmedia&parent=269328"}],"wp:term":[{"taxonomy":"category","embeddable":true,"href":"https:\/\/tarimhaber.com\/index.php?rest_route=%2Fwp%2Fv2%2Fcategories&post=269328"},{"taxonomy":"post_tag","embeddable":true,"href":"https:\/\/tarimhaber.com\/index.php?rest_route=%2Fwp%2Fv2%2Ftags&post=269328"}],"curies":[{"name":"wp","href":"https:\/\/api.w.org\/{rel}","templated":true}]}}