{"id":269343,"date":"2026-05-01T23:25:38","date_gmt":"2026-05-01T23:25:38","guid":{"rendered":"https:\/\/tarimhaber.com\/?p=269343"},"modified":"2026-05-01T23:25:38","modified_gmt":"2026-05-01T23:25:38","slug":"erdogan-aile-ve-nufus-10-yili-vizyon-tanitimina-katilacak","status":"publish","type":"post","link":"https:\/\/tarimhaber.com\/?p=269343","title":{"rendered":"Erdo\u011fan, Aile ve N\u00fcfus 10 Y\u0131l\u0131 Vizyon Tan\u0131t\u0131m\u0131&apos;na kat\u0131lacak"},"content":{"rendered":"<p>Cumhurba\u015fkan\u0131 Recep Tayyip Erdo\u011fan, Hali\u00e7 Kongre Merkezi&#8217;nde Aile ve N\u00fcfus 10 Y\u0131l\u0131 (2026- 2035) Vizyon Tan\u0131t\u0131m Program\u0131&#8217;na kat\u0131lacak.<\/p>\n<p>Kaynak: <a href=\"https:\/\/www.haberler.com\/guncel\/gundem-ozetine-19796858-haberi\/\" target=\"_blank\" class=\"feedzy-rss-link-icon\">Read More<\/a><\/p>","protected":false},"excerpt":{"rendered":"<p>Cumhurba\u015fkan\u0131 Recep Tayyip Erdo\u011fan, Hali\u00e7 Kongre Merkezi&#8217;nde Aile ve N\u00fcfus 10 Y\u0131l\u0131 (2026- 2035) Vizyon Tan\u0131t\u0131m Program\u0131&#8217;na kat\u0131lacak. Kaynak: Read More<\/p>\n","protected":false},"author":0,"featured_media":0,"comment_status":"open","ping_status":"open","sticky":false,"template":"","format":"standard","meta":{"footnotes":""},"categories":[4200],"tags":[],"class_list":["post-269343","post","type-post","status-publish","format-standard","hentry","category-guncel-haberler"],"_links":{"self":[{"href":"https:\/\/tarimhaber.com\/index.php?rest_route=\/wp\/v2\/posts\/269343","targetHints":{"allow":["GET"]}}],"collection":[{"href":"https:\/\/tarimhaber.com\/index.php?rest_route=\/wp\/v2\/posts"}],"about":[{"href":"https:\/\/tarimhaber.com\/index.php?rest_route=\/wp\/v2\/types\/post"}],"replies":[{"embeddable":true,"href":"https:\/\/tarimhaber.com\/index.php?rest_route=%2Fwp%2Fv2%2Fcomments&post=269343"}],"version-history":[{"count":0,"href":"https:\/\/tarimhaber.com\/index.php?rest_route=\/wp\/v2\/posts\/269343\/revisions"}],"wp:attachment":[{"href":"https:\/\/tarimhaber.com\/index.php?rest_route=%2Fwp%2Fv2%2Fmedia&parent=269343"}],"wp:term":[{"taxonomy":"category","embeddable":true,"href":"https:\/\/tarimhaber.com\/index.php?rest_route=%2Fwp%2Fv2%2Fcategories&post=269343"},{"taxonomy":"post_tag","embeddable":true,"href":"https:\/\/tarimhaber.com\/index.php?rest_route=%2Fwp%2Fv2%2Ftags&post=269343"}],"curies":[{"name":"wp","href":"https:\/\/api.w.org\/{rel}","templated":true}]}}