{"id":269355,"date":"2026-05-02T00:25:38","date_gmt":"2026-05-02T00:25:38","guid":{"rendered":"http:\/\/tarimhaber.com\/?p=269355"},"modified":"2026-05-02T00:25:38","modified_gmt":"2026-05-02T00:25:38","slug":"trump-irandan-erken-ayrilip-sorunun-yeniden-ortaya-cikmasina-izin-vermeyecegiz","status":"publish","type":"post","link":"https:\/\/tarimhaber.com\/?p=269355","title":{"rendered":"Trump: \u0130ran&apos;dan Erken Ayr\u0131l\u0131p Sorunun Yeniden Ortaya \u00c7\u0131kmas\u0131na \u0130zin Vermeyece\u011fiz"},"content":{"rendered":"<p>ABD Ba\u015fkan\u0131 Donald Trump, Florida&#8217;da yapt\u0131\u011f\u0131 konu\u015fmada \u0130ran&#8217;a kar\u015f\u0131 ba\u015flat\u0131lan sava\u015fla ilgili olarak erken ayr\u0131lmayacaklar\u0131n\u0131 belirtti. Trump, \u0130ran y\u00f6netimini &#8216;k\u00f6t\u00fc insanlar&#8217; olarak nitelendirdi, Tahran&#8217;\u0131n 42 bin protestocuyu \u00f6ld\u00fcrd\u00fc\u011f\u00fcn\u00fc iddia etti ve \u0130ran donanmas\u0131na ait 159 geminin bat\u0131r\u0131ld\u0131\u011f\u0131n\u0131 s\u00f6yledi. Ayr\u0131ca NATO&#8217;nun K\u00f6rfez&#8217;deki m\u00fccadelede ABD&#8217;ye yard\u0131m etmedi\u011fini vurgulad\u0131.<\/p>\n<p>Kaynak: <a href=\"https:\/\/www.haberler.com\/guncel\/trump-iran-dan-erken-ayrilip-sorunun-yeniden-19796861-haberi\/\" target=\"_blank\" class=\"feedzy-rss-link-icon\">Read More<\/a><\/p>","protected":false},"excerpt":{"rendered":"<p>ABD Ba\u015fkan\u0131 Donald Trump, Florida&#8217;da yapt\u0131\u011f\u0131 konu\u015fmada \u0130ran&#8217;a kar\u015f\u0131 ba\u015flat\u0131lan sava\u015fla ilgili olarak erken ayr\u0131lmayacaklar\u0131n\u0131 belirtti. Trump, \u0130ran y\u00f6netimini &#8216;k\u00f6t\u00fc insanlar&#8217; olarak nitelendirdi, Tahran&#8217;\u0131n 42 bin protestocuyu \u00f6ld\u00fcrd\u00fc\u011f\u00fcn\u00fc iddia etti&hellip;<\/p>\n","protected":false},"author":0,"featured_media":0,"comment_status":"open","ping_status":"open","sticky":false,"template":"","format":"standard","meta":{"footnotes":""},"categories":[4200],"tags":[],"class_list":["post-269355","post","type-post","status-publish","format-standard","hentry","category-guncel-haberler"],"_links":{"self":[{"href":"https:\/\/tarimhaber.com\/index.php?rest_route=\/wp\/v2\/posts\/269355","targetHints":{"allow":["GET"]}}],"collection":[{"href":"https:\/\/tarimhaber.com\/index.php?rest_route=\/wp\/v2\/posts"}],"about":[{"href":"https:\/\/tarimhaber.com\/index.php?rest_route=\/wp\/v2\/types\/post"}],"replies":[{"embeddable":true,"href":"https:\/\/tarimhaber.com\/index.php?rest_route=%2Fwp%2Fv2%2Fcomments&post=269355"}],"version-history":[{"count":0,"href":"https:\/\/tarimhaber.com\/index.php?rest_route=\/wp\/v2\/posts\/269355\/revisions"}],"wp:attachment":[{"href":"https:\/\/tarimhaber.com\/index.php?rest_route=%2Fwp%2Fv2%2Fmedia&parent=269355"}],"wp:term":[{"taxonomy":"category","embeddable":true,"href":"https:\/\/tarimhaber.com\/index.php?rest_route=%2Fwp%2Fv2%2Fcategories&post=269355"},{"taxonomy":"post_tag","embeddable":true,"href":"https:\/\/tarimhaber.com\/index.php?rest_route=%2Fwp%2Fv2%2Ftags&post=269355"}],"curies":[{"name":"wp","href":"https:\/\/api.w.org\/{rel}","templated":true}]}}