{"id":269398,"date":"2026-05-02T04:26:26","date_gmt":"2026-05-02T04:26:26","guid":{"rendered":"https:\/\/tarimhaber.com\/?p=269398"},"modified":"2026-05-02T04:26:26","modified_gmt":"2026-05-02T04:26:26","slug":"kubada-on-binlerce-kisi-1-mayis-yuruyusunde-abdye-tepki-gosterdi","status":"publish","type":"post","link":"https:\/\/tarimhaber.com\/?p=269398","title":{"rendered":"K\u00fcba&apos;da on binlerce ki\u015fi 1 May\u0131s y\u00fcr\u00fcy\u00fc\u015f\u00fcnde ABD&apos;ye tepki g\u00f6sterdi"},"content":{"rendered":"<p>K\u00fcba&#8217;da 1 May\u0131s Emek ve Dayan\u0131\u015fma G\u00fcn\u00fc y\u00fcr\u00fcy\u00fc\u015f\u00fcne kat\u0131lan on binlerce ki\u015fi, ABD&#8217;nin \u00fclkeye uygulad\u0131\u011f\u0131 ambargoyu protesto etti.<\/p>\n<p>Kaynak: <a href=\"https:\/\/www.haberler.com\/guncel\/kuba-da-on-binlerce-kisi-1-mayis-yuruyusunde-abd-19796866-haberi\/\" target=\"_blank\" class=\"feedzy-rss-link-icon\">Read More<\/a><\/p>","protected":false},"excerpt":{"rendered":"<p>K\u00fcba&#8217;da 1 May\u0131s Emek ve Dayan\u0131\u015fma G\u00fcn\u00fc y\u00fcr\u00fcy\u00fc\u015f\u00fcne kat\u0131lan on binlerce ki\u015fi, ABD&#8217;nin \u00fclkeye uygulad\u0131\u011f\u0131 ambargoyu protesto etti. Kaynak: Read More<\/p>\n","protected":false},"author":0,"featured_media":0,"comment_status":"open","ping_status":"open","sticky":false,"template":"","format":"standard","meta":{"footnotes":""},"categories":[4200],"tags":[],"class_list":["post-269398","post","type-post","status-publish","format-standard","hentry","category-guncel-haberler"],"_links":{"self":[{"href":"https:\/\/tarimhaber.com\/index.php?rest_route=\/wp\/v2\/posts\/269398","targetHints":{"allow":["GET"]}}],"collection":[{"href":"https:\/\/tarimhaber.com\/index.php?rest_route=\/wp\/v2\/posts"}],"about":[{"href":"https:\/\/tarimhaber.com\/index.php?rest_route=\/wp\/v2\/types\/post"}],"replies":[{"embeddable":true,"href":"https:\/\/tarimhaber.com\/index.php?rest_route=%2Fwp%2Fv2%2Fcomments&post=269398"}],"version-history":[{"count":0,"href":"https:\/\/tarimhaber.com\/index.php?rest_route=\/wp\/v2\/posts\/269398\/revisions"}],"wp:attachment":[{"href":"https:\/\/tarimhaber.com\/index.php?rest_route=%2Fwp%2Fv2%2Fmedia&parent=269398"}],"wp:term":[{"taxonomy":"category","embeddable":true,"href":"https:\/\/tarimhaber.com\/index.php?rest_route=%2Fwp%2Fv2%2Fcategories&post=269398"},{"taxonomy":"post_tag","embeddable":true,"href":"https:\/\/tarimhaber.com\/index.php?rest_route=%2Fwp%2Fv2%2Ftags&post=269398"}],"curies":[{"name":"wp","href":"https:\/\/api.w.org\/{rel}","templated":true}]}}