{"id":269406,"date":"2026-05-02T05:25:49","date_gmt":"2026-05-02T05:25:49","guid":{"rendered":"http:\/\/tarimhaber.com\/?p=269406"},"modified":"2026-05-02T05:25:49","modified_gmt":"2026-05-02T05:25:49","slug":"bayrampasada-5-katli-is-yerinde-cikan-yangin-sonduruldu","status":"publish","type":"post","link":"https:\/\/tarimhaber.com\/?p=269406","title":{"rendered":"Bayrampa\u015fa&apos;da 5 katl\u0131 i\u015f yerinde \u00e7\u0131kan yang\u0131n s\u00f6nd\u00fcr\u00fcld\u00fc"},"content":{"rendered":"<p>\u0130stanbul&#8217;un Bayrampa\u015fa il\u00e7esinde 5 katl\u0131 bir i\u015f yerinde \u00e7\u0131kan yang\u0131n itfaiye ekiplerince s\u00f6nd\u00fcr\u00fcld\u00fc.<\/p>\n<p>Kaynak: <a href=\"https:\/\/www.haberler.com\/guncel\/bayrampasa-da-5-katli-is-yerinde-cikan-yangin-19796873-haberi\/\" target=\"_blank\" class=\"feedzy-rss-link-icon\">Read More<\/a><\/p>","protected":false},"excerpt":{"rendered":"<p>\u0130stanbul&#8217;un Bayrampa\u015fa il\u00e7esinde 5 katl\u0131 bir i\u015f yerinde \u00e7\u0131kan yang\u0131n itfaiye ekiplerince s\u00f6nd\u00fcr\u00fcld\u00fc. Kaynak: Read More<\/p>\n","protected":false},"author":0,"featured_media":0,"comment_status":"open","ping_status":"open","sticky":false,"template":"","format":"standard","meta":{"footnotes":""},"categories":[4200],"tags":[],"class_list":["post-269406","post","type-post","status-publish","format-standard","hentry","category-guncel-haberler"],"_links":{"self":[{"href":"https:\/\/tarimhaber.com\/index.php?rest_route=\/wp\/v2\/posts\/269406","targetHints":{"allow":["GET"]}}],"collection":[{"href":"https:\/\/tarimhaber.com\/index.php?rest_route=\/wp\/v2\/posts"}],"about":[{"href":"https:\/\/tarimhaber.com\/index.php?rest_route=\/wp\/v2\/types\/post"}],"replies":[{"embeddable":true,"href":"https:\/\/tarimhaber.com\/index.php?rest_route=%2Fwp%2Fv2%2Fcomments&post=269406"}],"version-history":[{"count":0,"href":"https:\/\/tarimhaber.com\/index.php?rest_route=\/wp\/v2\/posts\/269406\/revisions"}],"wp:attachment":[{"href":"https:\/\/tarimhaber.com\/index.php?rest_route=%2Fwp%2Fv2%2Fmedia&parent=269406"}],"wp:term":[{"taxonomy":"category","embeddable":true,"href":"https:\/\/tarimhaber.com\/index.php?rest_route=%2Fwp%2Fv2%2Fcategories&post=269406"},{"taxonomy":"post_tag","embeddable":true,"href":"https:\/\/tarimhaber.com\/index.php?rest_route=%2Fwp%2Fv2%2Ftags&post=269406"}],"curies":[{"name":"wp","href":"https:\/\/api.w.org\/{rel}","templated":true}]}}