{"id":269426,"date":"2026-05-02T06:25:35","date_gmt":"2026-05-02T06:25:35","guid":{"rendered":"http:\/\/tarimhaber.com\/?p=269426"},"modified":"2026-05-02T06:25:35","modified_gmt":"2026-05-02T06:25:35","slug":"adilcevazda-baharin-gelisiyle-ciftcilerin-mesaisi-basladi","status":"publish","type":"post","link":"https:\/\/tarimhaber.com\/?p=269426","title":{"rendered":"Adilcevaz&apos;da bahar\u0131n geli\u015fiyle \u00e7ift\u00e7ilerin mesaisi ba\u015flad\u0131"},"content":{"rendered":"<p>Uzun ve \u00e7etin ge\u00e7en k\u0131\u015f mevsiminin ard\u0131ndan havalar\u0131n \u0131s\u0131nd\u0131\u011f\u0131 Bitlis&#8217;in Adilcevaz il\u00e7esinde, \u00e7ift\u00e7iler, tarlalar\u0131n\u0131 s\u00fcrmeye ba\u015flad\u0131.<\/p>\n<p>Kaynak: <a href=\"https:\/\/www.haberler.com\/guncel\/adilcevaz-da-baharin-gelisiyle-ciftcilerin-mesaisi-19796902-haberi\/\" target=\"_blank\" class=\"feedzy-rss-link-icon\">Read More<\/a><\/p>","protected":false},"excerpt":{"rendered":"<p>Uzun ve \u00e7etin ge\u00e7en k\u0131\u015f mevsiminin ard\u0131ndan havalar\u0131n \u0131s\u0131nd\u0131\u011f\u0131 Bitlis&#8217;in Adilcevaz il\u00e7esinde, \u00e7ift\u00e7iler, tarlalar\u0131n\u0131 s\u00fcrmeye ba\u015flad\u0131. Kaynak: Read More<\/p>\n","protected":false},"author":0,"featured_media":269427,"comment_status":"open","ping_status":"open","sticky":false,"template":"","format":"standard","meta":{"footnotes":""},"categories":[4200],"tags":[],"class_list":["post-269426","post","type-post","status-publish","format-standard","has-post-thumbnail","hentry","category-guncel-haberler"],"_links":{"self":[{"href":"https:\/\/tarimhaber.com\/index.php?rest_route=\/wp\/v2\/posts\/269426","targetHints":{"allow":["GET"]}}],"collection":[{"href":"https:\/\/tarimhaber.com\/index.php?rest_route=\/wp\/v2\/posts"}],"about":[{"href":"https:\/\/tarimhaber.com\/index.php?rest_route=\/wp\/v2\/types\/post"}],"replies":[{"embeddable":true,"href":"https:\/\/tarimhaber.com\/index.php?rest_route=%2Fwp%2Fv2%2Fcomments&post=269426"}],"version-history":[{"count":0,"href":"https:\/\/tarimhaber.com\/index.php?rest_route=\/wp\/v2\/posts\/269426\/revisions"}],"wp:featuredmedia":[{"embeddable":true,"href":"https:\/\/tarimhaber.com\/index.php?rest_route=\/wp\/v2\/media\/269427"}],"wp:attachment":[{"href":"https:\/\/tarimhaber.com\/index.php?rest_route=%2Fwp%2Fv2%2Fmedia&parent=269426"}],"wp:term":[{"taxonomy":"category","embeddable":true,"href":"https:\/\/tarimhaber.com\/index.php?rest_route=%2Fwp%2Fv2%2Fcategories&post=269426"},{"taxonomy":"post_tag","embeddable":true,"href":"https:\/\/tarimhaber.com\/index.php?rest_route=%2Fwp%2Fv2%2Ftags&post=269426"}],"curies":[{"name":"wp","href":"https:\/\/api.w.org\/{rel}","templated":true}]}}