{"id":269445,"date":"2026-05-02T07:26:11","date_gmt":"2026-05-02T07:26:11","guid":{"rendered":"https:\/\/tarimhaber.com\/?p=269445"},"modified":"2026-05-02T07:26:11","modified_gmt":"2026-05-02T07:26:11","slug":"vanin-iran-sinirinda-3-metreyi-asan-karla-mucadele","status":"publish","type":"post","link":"https:\/\/tarimhaber.com\/?p=269445","title":{"rendered":"Van&apos;\u0131n \u0130ran s\u0131n\u0131r\u0131nda 3 metreyi a\u015fan karla m\u00fccadele"},"content":{"rendered":"<p>VAN&#8217;\u0131n \u0130ran s\u0131n\u0131r\u0131ndaki Ba\u015fkale il\u00e7esinde, Koru mezras\u0131 ve ayn\u0131 g\u00fczergahta bulunan karakol ile askeri \u00fcs b\u00f6lgesinin 3 metreyi a\u015fan kardan kapanan yolu, 3 g\u00fcn s\u00fcren \u00e7al\u0131\u015fma ile yeniden ula\u015f\u0131ma a\u00e7\u0131ld\u0131.<\/p>\n<p>Kaynak: <a href=\"https:\/\/www.haberler.com\/guncel\/van-in-iran-sinirinda-3-metreyi-asan-karla-19797015-haberi\/\" target=\"_blank\" class=\"feedzy-rss-link-icon\">Read More<\/a><\/p>","protected":false},"excerpt":{"rendered":"<p>VAN&#8217;\u0131n \u0130ran s\u0131n\u0131r\u0131ndaki Ba\u015fkale il\u00e7esinde, Koru mezras\u0131 ve ayn\u0131 g\u00fczergahta bulunan karakol ile askeri \u00fcs b\u00f6lgesinin 3 metreyi a\u015fan kardan kapanan yolu, 3 g\u00fcn s\u00fcren \u00e7al\u0131\u015fma ile yeniden ula\u015f\u0131ma a\u00e7\u0131ld\u0131.&hellip;<\/p>\n","protected":false},"author":0,"featured_media":269446,"comment_status":"open","ping_status":"open","sticky":false,"template":"","format":"standard","meta":{"footnotes":""},"categories":[4200],"tags":[],"class_list":["post-269445","post","type-post","status-publish","format-standard","has-post-thumbnail","hentry","category-guncel-haberler"],"_links":{"self":[{"href":"https:\/\/tarimhaber.com\/index.php?rest_route=\/wp\/v2\/posts\/269445","targetHints":{"allow":["GET"]}}],"collection":[{"href":"https:\/\/tarimhaber.com\/index.php?rest_route=\/wp\/v2\/posts"}],"about":[{"href":"https:\/\/tarimhaber.com\/index.php?rest_route=\/wp\/v2\/types\/post"}],"replies":[{"embeddable":true,"href":"https:\/\/tarimhaber.com\/index.php?rest_route=%2Fwp%2Fv2%2Fcomments&post=269445"}],"version-history":[{"count":0,"href":"https:\/\/tarimhaber.com\/index.php?rest_route=\/wp\/v2\/posts\/269445\/revisions"}],"wp:featuredmedia":[{"embeddable":true,"href":"https:\/\/tarimhaber.com\/index.php?rest_route=\/wp\/v2\/media\/269446"}],"wp:attachment":[{"href":"https:\/\/tarimhaber.com\/index.php?rest_route=%2Fwp%2Fv2%2Fmedia&parent=269445"}],"wp:term":[{"taxonomy":"category","embeddable":true,"href":"https:\/\/tarimhaber.com\/index.php?rest_route=%2Fwp%2Fv2%2Fcategories&post=269445"},{"taxonomy":"post_tag","embeddable":true,"href":"https:\/\/tarimhaber.com\/index.php?rest_route=%2Fwp%2Fv2%2Ftags&post=269445"}],"curies":[{"name":"wp","href":"https:\/\/api.w.org\/{rel}","templated":true}]}}