{"id":269470,"date":"2026-05-02T08:26:54","date_gmt":"2026-05-02T08:26:54","guid":{"rendered":"https:\/\/tarimhaber.com\/?p=269470"},"modified":"2026-05-02T08:26:54","modified_gmt":"2026-05-02T08:26:54","slug":"agridaki-balik-golu-baharda-da-erimeyen-buzlariyla-antarktikayi-andiriyor","status":"publish","type":"post","link":"https:\/\/tarimhaber.com\/?p=269470","title":{"rendered":"A\u011fr\u0131&apos;daki Bal\u0131k G\u00f6l\u00fc baharda da erimeyen buzlar\u0131yla &quot;Antarktika&quot;y\u0131 and\u0131r\u0131yor"},"content":{"rendered":"<p>Ovas\u0131nda bahar\u0131n ya\u015fand\u0131\u011f\u0131 A\u011fr\u0131&#8217;da, \u00fclkenin en y\u00fcksek rak\u0131ml\u0131 g\u00f6llerinden Bal\u0131k G\u00f6l\u00fc&#8217;n\u00fcn k\u0131\u015f boyunca buzla kapl\u0131 olan y\u00fczeyi may\u0131s ay\u0131nda da erimeyince ortaya g\u00fczel g\u00f6r\u00fcnt\u00fcler \u00e7\u0131kt\u0131<br \/>\n&#8211; G\u00f6lde gezinti yapan vatanda\u015flardan Sinan Erg\u00fcl:<br \/>\n&#8211; &#8220;May\u0131s ay\u0131na girdik ve g\u00f6l\u00fcn buzlar\u0131 \u00e7\u00f6z\u00fclmemi\u015f. Da\u011flar karla kapl\u0131, ovada \u00e7i\u00e7ekler a\u00e7m\u0131\u015f&#8221;<\/p>\n<p>Kaynak: <a href=\"https:\/\/www.haberler.com\/guncel\/agri-daki-balik-golu-baharda-da-erimeyen-19797182-haberi\/\" target=\"_blank\" class=\"feedzy-rss-link-icon\">Read More<\/a><\/p>","protected":false},"excerpt":{"rendered":"<p>Ovas\u0131nda bahar\u0131n ya\u015fand\u0131\u011f\u0131 A\u011fr\u0131&#8217;da, \u00fclkenin en y\u00fcksek rak\u0131ml\u0131 g\u00f6llerinden Bal\u0131k G\u00f6l\u00fc&#8217;n\u00fcn k\u0131\u015f boyunca buzla kapl\u0131 olan y\u00fczeyi may\u0131s ay\u0131nda da erimeyince ortaya g\u00fczel g\u00f6r\u00fcnt\u00fcler \u00e7\u0131kt\u0131 &#8211; G\u00f6lde gezinti yapan vatanda\u015flardan&hellip;<\/p>\n","protected":false},"author":0,"featured_media":269471,"comment_status":"open","ping_status":"open","sticky":false,"template":"","format":"standard","meta":{"footnotes":""},"categories":[4200],"tags":[],"class_list":["post-269470","post","type-post","status-publish","format-standard","has-post-thumbnail","hentry","category-guncel-haberler"],"_links":{"self":[{"href":"https:\/\/tarimhaber.com\/index.php?rest_route=\/wp\/v2\/posts\/269470","targetHints":{"allow":["GET"]}}],"collection":[{"href":"https:\/\/tarimhaber.com\/index.php?rest_route=\/wp\/v2\/posts"}],"about":[{"href":"https:\/\/tarimhaber.com\/index.php?rest_route=\/wp\/v2\/types\/post"}],"replies":[{"embeddable":true,"href":"https:\/\/tarimhaber.com\/index.php?rest_route=%2Fwp%2Fv2%2Fcomments&post=269470"}],"version-history":[{"count":0,"href":"https:\/\/tarimhaber.com\/index.php?rest_route=\/wp\/v2\/posts\/269470\/revisions"}],"wp:featuredmedia":[{"embeddable":true,"href":"https:\/\/tarimhaber.com\/index.php?rest_route=\/wp\/v2\/media\/269471"}],"wp:attachment":[{"href":"https:\/\/tarimhaber.com\/index.php?rest_route=%2Fwp%2Fv2%2Fmedia&parent=269470"}],"wp:term":[{"taxonomy":"category","embeddable":true,"href":"https:\/\/tarimhaber.com\/index.php?rest_route=%2Fwp%2Fv2%2Fcategories&post=269470"},{"taxonomy":"post_tag","embeddable":true,"href":"https:\/\/tarimhaber.com\/index.php?rest_route=%2Fwp%2Fv2%2Ftags&post=269470"}],"curies":[{"name":"wp","href":"https:\/\/api.w.org\/{rel}","templated":true}]}}