{"id":269851,"date":"2026-05-03T05:25:45","date_gmt":"2026-05-03T05:25:45","guid":{"rendered":"http:\/\/tarimhaber.com\/?p=269851"},"modified":"2026-05-03T05:25:45","modified_gmt":"2026-05-03T05:25:45","slug":"16-yillik-iktidari-deviren-magyar-ilk-is-kayinbiraderini-bakan-olarak-atadi","status":"publish","type":"post","link":"https:\/\/tarimhaber.com\/?p=269851","title":{"rendered":"16 y\u0131ll\u0131k iktidar\u0131 deviren Magyar, ilk i\u015f kay\u0131nbiraderini bakan olarak atad\u0131"},"content":{"rendered":"<p>Macaristan\u2019da 16 y\u0131ll\u0131k Orban d\u00f6nemini sona erdiren Ba\u015fbakan Peter Magyar, kay\u0131nbiraderi Mellethei-Barna\u2019y\u0131 adalet bakan\u0131 olarak atama karar\u0131 ald\u0131. Karar siyasi tart\u0131\u015fma yarat\u0131rken, Magyar ele\u015ftirilerin anla\u015f\u0131labilir oldu\u011funu ancak Mellethei-Barna\u2019n\u0131n hukuk\u00e7u kimli\u011fi, uluslararas\u0131 kariyeri ve partideki ge\u00e7mi\u015fiyle liyakatli bir isim oldu\u011funu savundu.<\/p>\n<p>Kaynak: <a href=\"https:\/\/www.haberler.com\/haberler\/16-yillik-iktidari-deviren-magyar-ilk-is-19798626-haberi\/\" target=\"_blank\" class=\"feedzy-rss-link-icon\">Read More<\/a><\/p>","protected":false},"excerpt":{"rendered":"<p>Macaristan\u2019da 16 y\u0131ll\u0131k Orban d\u00f6nemini sona erdiren Ba\u015fbakan Peter Magyar, kay\u0131nbiraderi Mellethei-Barna\u2019y\u0131 adalet bakan\u0131 olarak atama karar\u0131 ald\u0131. Karar siyasi tart\u0131\u015fma yarat\u0131rken, Magyar ele\u015ftirilerin anla\u015f\u0131labilir oldu\u011funu ancak Mellethei-Barna\u2019n\u0131n hukuk\u00e7u kimli\u011fi,&hellip;<\/p>\n","protected":false},"author":0,"featured_media":269852,"comment_status":"open","ping_status":"open","sticky":false,"template":"","format":"standard","meta":{"footnotes":""},"categories":[4200],"tags":[],"class_list":["post-269851","post","type-post","status-publish","format-standard","has-post-thumbnail","hentry","category-guncel-haberler"],"_links":{"self":[{"href":"https:\/\/tarimhaber.com\/index.php?rest_route=\/wp\/v2\/posts\/269851","targetHints":{"allow":["GET"]}}],"collection":[{"href":"https:\/\/tarimhaber.com\/index.php?rest_route=\/wp\/v2\/posts"}],"about":[{"href":"https:\/\/tarimhaber.com\/index.php?rest_route=\/wp\/v2\/types\/post"}],"replies":[{"embeddable":true,"href":"https:\/\/tarimhaber.com\/index.php?rest_route=%2Fwp%2Fv2%2Fcomments&post=269851"}],"version-history":[{"count":0,"href":"https:\/\/tarimhaber.com\/index.php?rest_route=\/wp\/v2\/posts\/269851\/revisions"}],"wp:featuredmedia":[{"embeddable":true,"href":"https:\/\/tarimhaber.com\/index.php?rest_route=\/wp\/v2\/media\/269852"}],"wp:attachment":[{"href":"https:\/\/tarimhaber.com\/index.php?rest_route=%2Fwp%2Fv2%2Fmedia&parent=269851"}],"wp:term":[{"taxonomy":"category","embeddable":true,"href":"https:\/\/tarimhaber.com\/index.php?rest_route=%2Fwp%2Fv2%2Fcategories&post=269851"},{"taxonomy":"post_tag","embeddable":true,"href":"https:\/\/tarimhaber.com\/index.php?rest_route=%2Fwp%2Fv2%2Ftags&post=269851"}],"curies":[{"name":"wp","href":"https:\/\/api.w.org\/{rel}","templated":true}]}}