{"id":269868,"date":"2026-05-03T05:25:52","date_gmt":"2026-05-03T05:25:52","guid":{"rendered":"http:\/\/tarimhaber.com\/?p=269868"},"modified":"2026-05-03T05:25:52","modified_gmt":"2026-05-03T05:25:52","slug":"italyadan-irana-nukleer-resti-bu-bizim-kirmizi-cizgimiz","status":"publish","type":"post","link":"https:\/\/tarimhaber.com\/?p=269868","title":{"rendered":"\u0130talya&apos;dan \u0130ran&apos;a n\u00fckleer resti: Bu bizim k\u0131rm\u0131z\u0131 \u00e7izgimiz"},"content":{"rendered":"<p>\u0130talya D\u0131\u015fi\u015fleri Bakan\u0131 Antonio Tajani, \u0130ran\u2019\u0131n askeri ama\u00e7l\u0131 n\u00fckleer program\u0131n\u0131n \u201ck\u0131rm\u0131z\u0131 \u00e7izgi\u201d oldu\u011funu vurgulayarak Orta Do\u011fu\u2019daki gerilimden duydu\u011fu endi\u015feyi dile getirdi. \u0130ranl\u0131 mevkida\u015f\u0131yla g\u00f6r\u00fc\u015fen Tajani, n\u00fckleer faaliyetlerin b\u00f6lgede tehlikeli bir silahlanma yar\u0131\u015f\u0131n\u0131 tetikleyebilece\u011fini s\u00f6yledi. H\u00fcrm\u00fcz Bo\u011faz\u0131\u2019ndaki aksakl\u0131klar\u0131n g\u0131da g\u00fcvenli\u011fini tehdit edebilece\u011fini belirten Tajani, Tahran\u2019a diplomasi ve Hizbullah konusunda \u00e7a\u011fr\u0131 yapt\u0131.<\/p>\n<p>Kaynak: <a href=\"https:\/\/www.haberler.com\/haberler\/italyadan-irana-nukleer-resti-bu-bizim-kirmizi-19798613-haberi\/\" target=\"_blank\" class=\"feedzy-rss-link-icon\">Read More<\/a><\/p>","protected":false},"excerpt":{"rendered":"<p>\u0130talya D\u0131\u015fi\u015fleri Bakan\u0131 Antonio Tajani, \u0130ran\u2019\u0131n askeri ama\u00e7l\u0131 n\u00fckleer program\u0131n\u0131n \u201ck\u0131rm\u0131z\u0131 \u00e7izgi\u201d oldu\u011funu vurgulayarak Orta Do\u011fu\u2019daki gerilimden duydu\u011fu endi\u015feyi dile getirdi. \u0130ranl\u0131 mevkida\u015f\u0131yla g\u00f6r\u00fc\u015fen Tajani, n\u00fckleer faaliyetlerin b\u00f6lgede tehlikeli bir&hellip;<\/p>\n","protected":false},"author":0,"featured_media":269869,"comment_status":"open","ping_status":"open","sticky":false,"template":"","format":"standard","meta":{"footnotes":""},"categories":[4200],"tags":[],"class_list":["post-269868","post","type-post","status-publish","format-standard","has-post-thumbnail","hentry","category-guncel-haberler"],"_links":{"self":[{"href":"https:\/\/tarimhaber.com\/index.php?rest_route=\/wp\/v2\/posts\/269868","targetHints":{"allow":["GET"]}}],"collection":[{"href":"https:\/\/tarimhaber.com\/index.php?rest_route=\/wp\/v2\/posts"}],"about":[{"href":"https:\/\/tarimhaber.com\/index.php?rest_route=\/wp\/v2\/types\/post"}],"replies":[{"embeddable":true,"href":"https:\/\/tarimhaber.com\/index.php?rest_route=%2Fwp%2Fv2%2Fcomments&post=269868"}],"version-history":[{"count":0,"href":"https:\/\/tarimhaber.com\/index.php?rest_route=\/wp\/v2\/posts\/269868\/revisions"}],"wp:featuredmedia":[{"embeddable":true,"href":"https:\/\/tarimhaber.com\/index.php?rest_route=\/wp\/v2\/media\/269869"}],"wp:attachment":[{"href":"https:\/\/tarimhaber.com\/index.php?rest_route=%2Fwp%2Fv2%2Fmedia&parent=269868"}],"wp:term":[{"taxonomy":"category","embeddable":true,"href":"https:\/\/tarimhaber.com\/index.php?rest_route=%2Fwp%2Fv2%2Fcategories&post=269868"},{"taxonomy":"post_tag","embeddable":true,"href":"https:\/\/tarimhaber.com\/index.php?rest_route=%2Fwp%2Fv2%2Ftags&post=269868"}],"curies":[{"name":"wp","href":"https:\/\/api.w.org\/{rel}","templated":true}]}}