{"id":269876,"date":"2026-05-03T06:25:51","date_gmt":"2026-05-03T06:25:51","guid":{"rendered":"http:\/\/tarimhaber.com\/?p=269876"},"modified":"2026-05-03T06:25:51","modified_gmt":"2026-05-03T06:25:51","slug":"iran-israil-gemilerinin-hurmuz-bogazindan-gecisine-izin-verilmeyecek","status":"publish","type":"post","link":"https:\/\/tarimhaber.com\/?p=269876","title":{"rendered":"\u0130ran: \u0130srail gemilerinin H\u00fcrm\u00fcz Bo\u011faz\u0131&apos;ndan ge\u00e7i\u015fine izin verilmeyecek"},"content":{"rendered":"<p>\u0130ran Meclis Ba\u015fkan Yard\u0131mc\u0131s\u0131 Ali Nikzad, H\u00fcrm\u00fcz Bo\u011faz\u0131 y\u00f6netim plan\u0131n\u0131n 12 maddeden olu\u015ftu\u011funu ve \u0130srail gemilerinin ge\u00e7i\u015fine kesinlikle izin verilmeyece\u011fini a\u00e7\u0131klad\u0131. Ayr\u0131ca, \u0130ran&#8217;a d\u00fc\u015fmanca davranan \u00fclkelerin gemilerinin sava\u015f tazminat\u0131 \u00f6demedik\u00e7e ge\u00e7emeyece\u011fini, di\u011fer gemilerin ise \u0130ran yasalar\u0131na g\u00f6re ge\u00e7i\u015f yapabilece\u011fini belirtti. Nikzad, bu d\u00fczenlemeyi petrol\u00fcn millile\u015ftirilmesine benzeterek \u00f6nemini vurgulad\u0131.<\/p>\n<p>Kaynak: <a href=\"https:\/\/www.haberler.com\/dunya\/iran-hurmuz-bogazi-nin-yonetim-plani-12-madde-19798662-haberi\/\" target=\"_blank\" class=\"feedzy-rss-link-icon\">Read More<\/a><\/p>","protected":false},"excerpt":{"rendered":"<p>\u0130ran Meclis Ba\u015fkan Yard\u0131mc\u0131s\u0131 Ali Nikzad, H\u00fcrm\u00fcz Bo\u011faz\u0131 y\u00f6netim plan\u0131n\u0131n 12 maddeden olu\u015ftu\u011funu ve \u0130srail gemilerinin ge\u00e7i\u015fine kesinlikle izin verilmeyece\u011fini a\u00e7\u0131klad\u0131. Ayr\u0131ca, \u0130ran&#8217;a d\u00fc\u015fmanca davranan \u00fclkelerin gemilerinin sava\u015f tazminat\u0131 \u00f6demedik\u00e7e&hellip;<\/p>\n","protected":false},"author":0,"featured_media":269877,"comment_status":"open","ping_status":"open","sticky":false,"template":"","format":"standard","meta":{"footnotes":""},"categories":[4200],"tags":[],"class_list":["post-269876","post","type-post","status-publish","format-standard","has-post-thumbnail","hentry","category-guncel-haberler"],"_links":{"self":[{"href":"https:\/\/tarimhaber.com\/index.php?rest_route=\/wp\/v2\/posts\/269876","targetHints":{"allow":["GET"]}}],"collection":[{"href":"https:\/\/tarimhaber.com\/index.php?rest_route=\/wp\/v2\/posts"}],"about":[{"href":"https:\/\/tarimhaber.com\/index.php?rest_route=\/wp\/v2\/types\/post"}],"replies":[{"embeddable":true,"href":"https:\/\/tarimhaber.com\/index.php?rest_route=%2Fwp%2Fv2%2Fcomments&post=269876"}],"version-history":[{"count":0,"href":"https:\/\/tarimhaber.com\/index.php?rest_route=\/wp\/v2\/posts\/269876\/revisions"}],"wp:featuredmedia":[{"embeddable":true,"href":"https:\/\/tarimhaber.com\/index.php?rest_route=\/wp\/v2\/media\/269877"}],"wp:attachment":[{"href":"https:\/\/tarimhaber.com\/index.php?rest_route=%2Fwp%2Fv2%2Fmedia&parent=269876"}],"wp:term":[{"taxonomy":"category","embeddable":true,"href":"https:\/\/tarimhaber.com\/index.php?rest_route=%2Fwp%2Fv2%2Fcategories&post=269876"},{"taxonomy":"post_tag","embeddable":true,"href":"https:\/\/tarimhaber.com\/index.php?rest_route=%2Fwp%2Fv2%2Ftags&post=269876"}],"curies":[{"name":"wp","href":"https:\/\/api.w.org\/{rel}","templated":true}]}}